{"id":771,"date":"2021-11-26T12:11:46","date_gmt":"2021-11-26T11:11:46","guid":{"rendered":"https:\/\/blogs.uni-paderborn.de\/zekkblog\/?p=771"},"modified":"2021-11-26T12:11:46","modified_gmt":"2021-11-26T11:11:46","slug":"miteinander-reden","status":"publish","type":"post","link":"https:\/\/blogs.uni-paderborn.de\/zekkblog\/2021\/11\/26\/miteinander-reden\/","title":{"rendered":"Miteinander reden!"},"content":{"rendered":"<div class=\"twoclick_social_bookmarks_post_771 social_share_privacy clearfix 1.6.4 locale-de_DE sprite-de_DE\"><\/div><div class=\"twoclick-js\"><script type=\"text\/javascript\">\/* <![CDATA[ *\/\njQuery(document).ready(function($){if($('.twoclick_social_bookmarks_post_771')){$('.twoclick_social_bookmarks_post_771').socialSharePrivacy({\"txt_help\":\"Wenn Sie diese Felder durch einen Klick aktivieren, werden Informationen an Facebook, Twitter, Flattr, Xing, t3n, LinkedIn, Pinterest oder Google eventuell ins Ausland \\u00fcbertragen und unter Umst\\u00e4nden auch dort gespeichert. N\\u00e4heres erfahren Sie durch einen Klick auf das <em>i<\\\/em>.\",\"settings_perma\":\"Dauerhaft aktivieren und Daten\\u00fcber-tragung zustimmen:\",\"info_link\":\"http:\\\/\\\/www.heise.de\\\/ct\\\/artikel\\\/2-Klicks-fuer-mehr-Datenschutz-1333879.html\",\"uri\":\"https:\\\/\\\/blogs.uni-paderborn.de\\\/zekkblog\\\/2021\\\/11\\\/26\\\/miteinander-reden\\\/\",\"post_id\":771,\"post_title_referrer_track\":\"Miteinander+reden%21\",\"display_infobox\":\"on\"});}});\n\/* ]]> *\/<\/script><\/div>\n<p>Seit dem Anschlag vom 11. September 2001 ist ein Anstieg der Angst vor dem Islam nicht zu leugnen. Ebenso wird das Bild des Islam nach wie vor mit Gewalt, Selbstmordanschl\u00e4gen, Frauenunterdr\u00fcckung und \u00c4hnlichem in Verbindung gebracht, doch die Probleme beginnen nicht erst bei gewaltbereiten Extremisten. Konkret bestehen in Deutschland mit Blick auf den Islam sowohl von muslimischer als auch von nicht muslimischer Seite Vorurteile und verletzendes Verhalten. So h\u00f6rt oder liest man beispielsweise bei christlichen Festen folgende Sichtweise von einigen Muslimen: \u201eDie Muslime d\u00fcrfen Andersgl\u00e4ubigen nicht gratulieren.\u201c Ebenso ist es sehr bedauerlich, wenn Nichtmuslime eine muslimische Frau, die ein Kopftuch tr\u00e4gt, mit heftigen Worten angreifen. Problematisch ist auch die ablehnende Haltung gegen\u00fcber dem Kopftuch bei potenziellen Arbeitgebern. Ich stelle mir oft diese Frage: Wie k\u00f6nnen Menschen \u00fcberhaupt friedlich zusammenleben, wenn sie so denken und sich nicht gegenseitig respektieren?<\/p>\n\n\n\n<p>Diese Angst vor anderen Religionen resultiert meiner Meinung nach aus der fehlenden Kenntnis \u00fcber die Religionen und ihre Anh\u00e4nger. Dieses Nichtwissen best\u00e4rkt bestehende Vorurteile. Angst ist bei der Begegnung mit einer dem Individuum fremden Religion eine Selbstverst\u00e4ndlichkeit, wenn eine Auseinandersetzung mit ihren Inhalten entweder nicht vorangegangen ist oder aber lediglich auf der Basis massenmedialer Darstellung beruht. Daher ist es wichtig, dass wir in das Gespr\u00e4ch miteinander kommen und von- und \u00fcbereinander lernen.<\/p>\n\n\n\n<figure class=\"wp-block-image size-large\"><img loading=\"lazy\" decoding=\"async\" width=\"1024\" height=\"681\" src=\"https:\/\/blogs.uni-paderborn.de\/zekkblog\/files\/2021\/11\/stained-glass-gebaaef55a_1920-1024x681.jpg\" alt=\"\" class=\"wp-image-774\" srcset=\"https:\/\/blogs.uni-paderborn.de\/zekkblog\/files\/2021\/11\/stained-glass-gebaaef55a_1920-1024x681.jpg 1024w, https:\/\/blogs.uni-paderborn.de\/zekkblog\/files\/2021\/11\/stained-glass-gebaaef55a_1920-300x199.jpg 300w, https:\/\/blogs.uni-paderborn.de\/zekkblog\/files\/2021\/11\/stained-glass-gebaaef55a_1920-768x510.jpg 768w, https:\/\/blogs.uni-paderborn.de\/zekkblog\/files\/2021\/11\/stained-glass-gebaaef55a_1920-1536x1021.jpg 1536w, https:\/\/blogs.uni-paderborn.de\/zekkblog\/files\/2021\/11\/stained-glass-gebaaef55a_1920-451x300.jpg 451w, https:\/\/blogs.uni-paderborn.de\/zekkblog\/files\/2021\/11\/stained-glass-gebaaef55a_1920.jpg 1920w\" sizes=\"auto, (max-width: 1024px) 100vw, 1024px\" \/><\/figure>\n\n\n\n<p class=\"has-blue-color has-text-color\">Ahmed Elshahawy ist Wissenschaftlicher Mitarbeiter am Seminar f\u00fcr Islamische Theologie der Universit\u00e4t Paderborn.<\/p>\n\n\n\n<p>#Kommunikation #Vorurteile #Wissen #Respekt<\/p>\n","protected":false},"excerpt":{"rendered":"<p>Seit dem Anschlag vom 11. September 2001 ist ein Anstieg der Angst vor dem Islam nicht zu leugnen. Ebenso wird das Bild des Islam nach wie vor mit Gewalt, Selbstmordanschl\u00e4gen, Frauenunterdr\u00fcckung und \u00c4hnlichem in Verbindung gebracht, doch die Probleme beginnen &hellip; <a href=\"https:\/\/blogs.uni-paderborn.de\/zekkblog\/2021\/11\/26\/miteinander-reden\/\">Weiterlesen <span class=\"meta-nav\">&rarr;<\/span><\/a><\/p>\n","protected":false},"author":8966,"featured_media":0,"comment_status":"closed","ping_status":"open","sticky":false,"template":"","format":"standard","meta":{"footnotes":""},"categories":[1],"tags":[],"class_list":["post-771","post","type-post","status-publish","format-standard","hentry","category-allgemein"],"_links":{"self":[{"href":"https:\/\/blogs.uni-paderborn.de\/zekkblog\/wp-json\/wp\/v2\/posts\/771","targetHints":{"allow":["GET"]}}],"collection":[{"href":"https:\/\/blogs.uni-paderborn.de\/zekkblog\/wp-json\/wp\/v2\/posts"}],"about":[{"href":"https:\/\/blogs.uni-paderborn.de\/zekkblog\/wp-json\/wp\/v2\/types\/post"}],"author":[{"embeddable":true,"href":"https:\/\/blogs.uni-paderborn.de\/zekkblog\/wp-json\/wp\/v2\/users\/8966"}],"replies":[{"embeddable":true,"href":"https:\/\/blogs.uni-paderborn.de\/zekkblog\/wp-json\/wp\/v2\/comments?post=771"}],"version-history":[{"count":3,"href":"https:\/\/blogs.uni-paderborn.de\/zekkblog\/wp-json\/wp\/v2\/posts\/771\/revisions"}],"predecessor-version":[{"id":775,"href":"https:\/\/blogs.uni-paderborn.de\/zekkblog\/wp-json\/wp\/v2\/posts\/771\/revisions\/775"}],"wp:attachment":[{"href":"https:\/\/blogs.uni-paderborn.de\/zekkblog\/wp-json\/wp\/v2\/media?parent=771"}],"wp:term":[{"taxonomy":"category","embeddable":true,"href":"https:\/\/blogs.uni-paderborn.de\/zekkblog\/wp-json\/wp\/v2\/categories?post=771"},{"taxonomy":"post_tag","embeddable":true,"href":"https:\/\/blogs.uni-paderborn.de\/zekkblog\/wp-json\/wp\/v2\/tags?post=771"}],"curies":[{"name":"wp","href":"https:\/\/api.w.org\/{rel}","templated":true}]}}