{"id":690,"date":"2021-08-27T08:31:59","date_gmt":"2021-08-27T06:31:59","guid":{"rendered":"https:\/\/blogs.uni-paderborn.de\/zekkblog\/?p=690"},"modified":"2021-11-21T10:30:09","modified_gmt":"2021-11-21T09:30:09","slug":"afghanistan","status":"publish","type":"post","link":"https:\/\/blogs.uni-paderborn.de\/zekkblog\/2021\/08\/27\/afghanistan\/","title":{"rendered":"Afghanistan"},"content":{"rendered":"<div class=\"twoclick_social_bookmarks_post_690 social_share_privacy clearfix 1.6.4 locale-de_DE sprite-de_DE\"><\/div><div class=\"twoclick-js\"><script type=\"text\/javascript\">\/* <![CDATA[ *\/\njQuery(document).ready(function($){if($('.twoclick_social_bookmarks_post_690')){$('.twoclick_social_bookmarks_post_690').socialSharePrivacy({\"txt_help\":\"Wenn Sie diese Felder durch einen Klick aktivieren, werden Informationen an Facebook, Twitter, Flattr, Xing, t3n, LinkedIn, Pinterest oder Google eventuell ins Ausland \\u00fcbertragen und unter Umst\\u00e4nden auch dort gespeichert. N\\u00e4heres erfahren Sie durch einen Klick auf das <em>i<\\\/em>.\",\"settings_perma\":\"Dauerhaft aktivieren und Daten\\u00fcber-tragung zustimmen:\",\"info_link\":\"http:\\\/\\\/www.heise.de\\\/ct\\\/artikel\\\/2-Klicks-fuer-mehr-Datenschutz-1333879.html\",\"uri\":\"https:\\\/\\\/blogs.uni-paderborn.de\\\/zekkblog\\\/2021\\\/08\\\/27\\\/afghanistan\\\/\",\"post_id\":690,\"post_title_referrer_track\":\"Afghanistan\",\"display_infobox\":\"on\"});}});\n\/* ]]> *\/<\/script><\/div>\n<p>Krisenzeit. Pandemie, Klima, Fl\u00fcchtlinge, Afghanistan \u2026&nbsp;<\/p>\n\n\n\n<p>Seit gut einer Woche bedr\u00e4ngen uns t\u00e4glich Szenen \u00fcber schreiende Not und Ohnmacht in Afghanistan.&nbsp;<\/p>\n\n\n\n<p>Die 28-j\u00e4hrige B\u00fcrgermeisterin in Maidan Shar Sarifa Ghaffari teilte vor einer Woche in deutschen Medien mit, dass sie jetzt, nachdem die Taliban Afghanistan zur\u00fcckerobert haben, um ihr Leben f\u00fcrchten muss, weil sie gewagt hat, als Frau politisch aktiv zu werden. Ihren Vater haben Islamisten bereits im vergangenen Jahr get\u00f6tet.&nbsp;<\/p>\n\n\n\n<p>Eine Woche sp\u00e4ter geh\u00f6rt sie zu den wenigen, die mit ihrer Familie nach Deutschland evakuiert werden. Eine von Unz\u00e4hligen.&nbsp;<\/p>\n\n\n\n<p>Auch Vertreter der Taliban sehen wir auf unseren Bildschirmen, mit Gewehren, wie sie Menschen bedrohen, und ohne Gewehre, wie sie uns versichern, sich ge\u00e4ndert zu haben und mit Warnungen davor, sie wirtschaftlich zu isolieren. Schon jetzt, solange sie noch kurze Zeit wenige ausreisen lassen, haben sie Frauen verboten, unbegleitet aus dem Haus zu gehen, und allen afghanischen Menschen, das Land zu verlassen.&nbsp;<\/p>\n\n\n\n<p>Die \u201eMission\u201c des politischen Westens, Afghanistan vor der Talibanherrschaft mit Waffengewalt und Humanit\u00e4t zu bewahren und Demokratie zu erm\u00f6glichen, ist gescheitert.&nbsp;<\/p>\n\n\n\n<p>Gewalt, Freiheitsberaubung, Entrechtung, Morde, Zensur, im Namen Gottes.&nbsp;<\/p>\n\n\n\n<p>Die Geschichte lehrt uns, dass durch Waffen erzwungene Befriedung langfristig nicht m\u00f6glich ist. In den Heiligen Schriften unserer Religionen und in philosophischen Schriften lernen wir, dass bleibender Frieden an Freiheit, Gerechtigkeit und Solidarit\u00e4t mit den Schwachen gebunden ist. Mit Gottes Hilfe k\u00fcssen sich Frieden und Gerechtigkeit, verhei\u00dft Psalm 24.<\/p>\n\n\n\n<p>Was k\u00f6nnen wir tun au\u00dfer hilflos zuzusehen?&nbsp;<\/p>\n\n\n\n<ol class=\"wp-block-list\" type=\"1\"><li>Politische Schuld im Einzelnen eingestehen.<\/li><li>Fehler genau analysieren.<\/li><li>Auf den begrenzten Sinn von Waffengewalt verweisen und weiter an nachhaltigen gewaltfreien Friedensprojekten und Konfliktl\u00f6sungen arbeiten.&nbsp;<\/li><li>Die Gewalttraditionen in den Religionen kritisch aufarbeiten und das Potenzial f\u00fcr Theologien des Friedens in allen Religionen zur Geltung bringen.<\/li><li>Rettungen einzelner als Hoffnungszeichen wahrnehmen trotz und im unermesslichen Leiden.<\/li><li>Beten \u2013 Klagen \u2013 F\u00fcrbitten \u2013 Bitten \u2013 Loben \u2013 Hoffen. Beten \u2013 Klagen \u2013 F\u00fcrbitten \u2013 Bitten \u2013 Loben \u2013 Hoffen. Beten \u2013 Klagen \u2013 F\u00fcrbitten \u2013 Bitten \u2013 Loben \u2013 Hoffen.<\/li><\/ol>\n\n\n\n<p>Bleiben wir damit nicht in unseren Einsamkeiten, nicht nur in unseren Familien und Freundeskreisen, nicht nur in unseren Religionsgemeinschaften, sondern kommen wir zusammen zum \u00f6ffentlichen Friedensgebet, sichtbar, h\u00f6rbar, im Schweigen.<\/p>\n\n\n\n<figure class=\"wp-block-image size-large\"><img loading=\"lazy\" decoding=\"async\" width=\"1024\" height=\"683\" src=\"https:\/\/blogs.uni-paderborn.de\/zekkblog\/files\/2021\/08\/sculpture-6557529_1920-1024x683.jpg\" alt=\"\" class=\"wp-image-691\" srcset=\"https:\/\/blogs.uni-paderborn.de\/zekkblog\/files\/2021\/08\/sculpture-6557529_1920-1024x683.jpg 1024w, https:\/\/blogs.uni-paderborn.de\/zekkblog\/files\/2021\/08\/sculpture-6557529_1920-300x200.jpg 300w, https:\/\/blogs.uni-paderborn.de\/zekkblog\/files\/2021\/08\/sculpture-6557529_1920-768x512.jpg 768w, https:\/\/blogs.uni-paderborn.de\/zekkblog\/files\/2021\/08\/sculpture-6557529_1920-1536x1024.jpg 1536w, https:\/\/blogs.uni-paderborn.de\/zekkblog\/files\/2021\/08\/sculpture-6557529_1920-450x300.jpg 450w, https:\/\/blogs.uni-paderborn.de\/zekkblog\/files\/2021\/08\/sculpture-6557529_1920.jpg 1920w\" sizes=\"auto, (max-width: 1024px) 100vw, 1024px\" \/><\/figure>\n\n\n\n<p class=\"has-blue-color has-text-color\">Prof. Dr. Helga Kuhlmann ist Professorin f\u00fcr Evangelische Theologie mit dem Schwerpunkt Systematische Theologie und \u00d6kumene am Institut f\u00fcr Evangelische Theologie der Universit\u00e4t Paderborn.<\/p>\n\n\n\n<p>#Afganistan #Analysieren #Hoffnung<\/p>\n","protected":false},"excerpt":{"rendered":"<p>Krisenzeit. Pandemie, Klima, Fl\u00fcchtlinge, Afghanistan \u2026&nbsp; Seit gut einer Woche bedr\u00e4ngen uns t\u00e4glich Szenen \u00fcber schreiende Not und Ohnmacht in Afghanistan.&nbsp; Die 28-j\u00e4hrige B\u00fcrgermeisterin in Maidan Shar Sarifa Ghaffari teilte vor einer Woche in deutschen Medien mit, dass sie jetzt, &hellip; <a href=\"https:\/\/blogs.uni-paderborn.de\/zekkblog\/2021\/08\/27\/afghanistan\/\">Weiterlesen <span class=\"meta-nav\">&rarr;<\/span><\/a><\/p>\n","protected":false},"author":8844,"featured_media":0,"comment_status":"closed","ping_status":"open","sticky":false,"template":"","format":"standard","meta":{"footnotes":""},"categories":[1],"tags":[],"class_list":["post-690","post","type-post","status-publish","format-standard","hentry","category-allgemein"],"_links":{"self":[{"href":"https:\/\/blogs.uni-paderborn.de\/zekkblog\/wp-json\/wp\/v2\/posts\/690","targetHints":{"allow":["GET"]}}],"collection":[{"href":"https:\/\/blogs.uni-paderborn.de\/zekkblog\/wp-json\/wp\/v2\/posts"}],"about":[{"href":"https:\/\/blogs.uni-paderborn.de\/zekkblog\/wp-json\/wp\/v2\/types\/post"}],"author":[{"embeddable":true,"href":"https:\/\/blogs.uni-paderborn.de\/zekkblog\/wp-json\/wp\/v2\/users\/8844"}],"replies":[{"embeddable":true,"href":"https:\/\/blogs.uni-paderborn.de\/zekkblog\/wp-json\/wp\/v2\/comments?post=690"}],"version-history":[{"count":2,"href":"https:\/\/blogs.uni-paderborn.de\/zekkblog\/wp-json\/wp\/v2\/posts\/690\/revisions"}],"predecessor-version":[{"id":693,"href":"https:\/\/blogs.uni-paderborn.de\/zekkblog\/wp-json\/wp\/v2\/posts\/690\/revisions\/693"}],"wp:attachment":[{"href":"https:\/\/blogs.uni-paderborn.de\/zekkblog\/wp-json\/wp\/v2\/media?parent=690"}],"wp:term":[{"taxonomy":"category","embeddable":true,"href":"https:\/\/blogs.uni-paderborn.de\/zekkblog\/wp-json\/wp\/v2\/categories?post=690"},{"taxonomy":"post_tag","embeddable":true,"href":"https:\/\/blogs.uni-paderborn.de\/zekkblog\/wp-json\/wp\/v2\/tags?post=690"}],"curies":[{"name":"wp","href":"https:\/\/api.w.org\/{rel}","templated":true}]}}