{"id":1121,"date":"2022-10-07T10:48:14","date_gmt":"2022-10-07T08:48:14","guid":{"rendered":"https:\/\/blogs.uni-paderborn.de\/zekkblog\/?p=1121"},"modified":"2022-10-07T10:48:14","modified_gmt":"2022-10-07T08:48:14","slug":"mawlid","status":"publish","type":"post","link":"https:\/\/blogs.uni-paderborn.de\/zekkblog\/2022\/10\/07\/mawlid\/","title":{"rendered":"Mawlid"},"content":{"rendered":"<div class=\"twoclick_social_bookmarks_post_1121 social_share_privacy clearfix 1.6.4 locale-de_DE sprite-de_DE\"><\/div><div class=\"twoclick-js\"><script type=\"text\/javascript\">\/* <![CDATA[ *\/\njQuery(document).ready(function($){if($('.twoclick_social_bookmarks_post_1121')){$('.twoclick_social_bookmarks_post_1121').socialSharePrivacy({\"txt_help\":\"Wenn Sie diese Felder durch einen Klick aktivieren, werden Informationen an Facebook, Twitter, Flattr, Xing, t3n, LinkedIn, Pinterest oder Google eventuell ins Ausland \\u00fcbertragen und unter Umst\\u00e4nden auch dort gespeichert. N\\u00e4heres erfahren Sie durch einen Klick auf das <em>i<\\\/em>.\",\"settings_perma\":\"Dauerhaft aktivieren und Daten\\u00fcber-tragung zustimmen:\",\"info_link\":\"http:\\\/\\\/www.heise.de\\\/ct\\\/artikel\\\/2-Klicks-fuer-mehr-Datenschutz-1333879.html\",\"uri\":\"https:\\\/\\\/blogs.uni-paderborn.de\\\/zekkblog\\\/2022\\\/10\\\/07\\\/mawlid\\\/\",\"post_id\":1121,\"post_title_referrer_track\":\"Mawlid\",\"display_infobox\":\"on\"});}});\n\/* ]]> *\/<\/script><\/div>\n<p>Diese Woche wird in vielen Gemeinden der islamischen Welt&nbsp;<em>Mawlid&nbsp;<\/em>(auch bekannt als&nbsp;<em>\u02bf\u012ad M\u012bl\u0101d an-Nab\u012b<\/em>) \u2013 n\u00e4mlich das Andenken an den Geburtstag des Propheten Mu\u1e25ammad \ufdfa gefeiert. Dieses Fest wird am 12. Tag im dritten Monat des islamischen Kalenders,&nbsp;<em>Rab\u012b\u02bf al-Awwal<\/em>, gefeiert, was in diesem Jahr dem 8. Oktober entspricht. Etymologisch bedeutet&nbsp;<em>Rab\u012b\u02bf al-Awwal<\/em>&nbsp;\u201eder erste Fr\u00fchling.\u201c Da aber der islamische Kalender ein Mondkalender ist, wechselt auch&nbsp;<em>der erste Fr\u00fchling<\/em>&nbsp;die Jahreszeiten. Zu Ehren des Propheten erhielt dieser Monat den Zusatz \u201eder Edle\u201c (<em>a\u0161-\u0161ar\u012bf<\/em>). Am 12.&nbsp;<em>Rab\u012b\u02bf al-Awwal<\/em>&nbsp;wurde der Prophet im Jahr 571 geboren. Einigen \u00dcberlieferungen zufolge ist der Prophet am selben Datum im Jahr 622 in Medina angekommen und hat am selben Datum im Jahr 632 die Welt verlassen.&nbsp;<\/p>\n\n\n\n<p>Das&nbsp;<em>Mawlid<\/em>-Fest ist an sich kein religi\u00f6ses Fest; diesem Datum wurde zu Zeiten des Propheten und den ersten Generationen der Muslime keine Bedeutung zugemessen. Erst sp\u00e4ter, zu Zeiten der Fatimidendynastie (ca. 910 \u2013 1171 n. Chr.) begannen Muslime feierliche Zeremonien zu Ehren des Propheten zu organisieren. Sp\u00e4ter verbreitete sich diese Praxis unter Muslimen in einer Mehrheit der islamischen Welt. Gerade die Tatsache, dass&nbsp;<em>Mawlid<\/em>&nbsp;kein religi\u00f6ses Fest ist, war der Grund, dass einige Gruppen \u2013 anlehnend an die Tradition des Propheten und der ersten Generationen \u2013 die&nbsp;<em>Mawlid<\/em>-Feierlichkeiten f\u00fcr eine \u201eErneuerung in der Religion\u201c (<em>bid\u02bfa<\/em>) erkl\u00e4rten und f\u00fcr verboten hielten.<\/p>\n\n\n\n<p>Einerseits gibt es tats\u00e4chlich F\u00e4lle, in denen das Ehren des Propheten etwas \u00fcbertrieben ge\u00e4u\u00dfert wird, w\u00e4hrend die tats\u00e4chlichen religi\u00f6sen Pflichten vernachl\u00e4ssigt werden. Andererseits bin ich der Meinung, dass viele Muslime wenig \u00fcber das Leben und die Botschaft des Propheten wissen, und die Zeit des&nbsp;<em>Mawlid<\/em>&nbsp;nutzten k\u00f6nnten mehr \u00fcber dem Propheten, dem \u201esch\u00f6nen Vorbild\u201c (<em>uswa \u1e25asana<\/em>) \u2013 wie Prophet Mu\u1e25ammad \ufdfa im Koran beschrieben wird (Q 33:31) \u2013 zu lernen. Solange man der Tatsache bewusst ist, dass&nbsp;<em>Mawlid<\/em>&nbsp;keine religi\u00f6se Pflicht ist, wie etwa das Gebet, ist das Ehren des Propheten in dieser Zeit eine gute Tat, die der koranischen Botschaft aus Q 33:56 entspricht: \u201eAll\u0101h und seine Engel sprechen den Segen \u00fcber den Propheten. Ihr Gl\u00e4ubigen, sprecht den Segen \u00fcber ihn, und gr\u00fc\u00dft ihn mit dem Friedensgru\u00df.\u201c&nbsp;<\/p>\n\n\n\n<p>In den Moscheen und Gemeinden werden in diesen Tagen Loblieder zu Ehren des Propheten gesungen, es wird an die Ereignisse aus seinem Leben erinnert, und verschiedene \u00f6ffentliche Veranstaltungen und Feste werden in vielen St\u00e4dten der islamischen Welt zum Andenken an den Propheten organisiert.<\/p>\n\n\n\n<p>Auch f\u00fcr das Paderborner Institut f\u00fcr Islamische Theologie (PIIT) f\u00e4ngt mit dem Beginn des Semesters und der ersten Generation der Studierenden der Islamischen Religionslehre in diesem \u201eedlen Monat\u201c ein \u201eerster Fr\u00fchling\u201c an. In diesem Sinne,&nbsp;<em>\u02bf\u012bd mabr\u016bk<\/em>!&nbsp;<\/p>\n\n\n\n<figure class=\"wp-block-image size-large\"><img loading=\"lazy\" decoding=\"async\" width=\"1024\" height=\"683\" src=\"https:\/\/blogs.uni-paderborn.de\/zekkblog\/files\/2022\/10\/bird-ge2848e9a2_1920-1024x683.jpg\" alt=\"\" class=\"wp-image-1122\" srcset=\"https:\/\/blogs.uni-paderborn.de\/zekkblog\/files\/2022\/10\/bird-ge2848e9a2_1920-1024x683.jpg 1024w, https:\/\/blogs.uni-paderborn.de\/zekkblog\/files\/2022\/10\/bird-ge2848e9a2_1920-300x200.jpg 300w, https:\/\/blogs.uni-paderborn.de\/zekkblog\/files\/2022\/10\/bird-ge2848e9a2_1920-768x512.jpg 768w, https:\/\/blogs.uni-paderborn.de\/zekkblog\/files\/2022\/10\/bird-ge2848e9a2_1920-1536x1024.jpg 1536w, https:\/\/blogs.uni-paderborn.de\/zekkblog\/files\/2022\/10\/bird-ge2848e9a2_1920-450x300.jpg 450w, https:\/\/blogs.uni-paderborn.de\/zekkblog\/files\/2022\/10\/bird-ge2848e9a2_1920.jpg 1920w\" sizes=\"auto, (max-width: 1024px) 100vw, 1024px\" \/><\/figure>\n\n\n\n<p class=\"has-blue-color has-text-color\">Ahmed Husi\u0107 ist Wissenschaftlicher Mitarbeiter am Paderborner Institut f\u00fcr Islamische Theologie.<\/p>\n\n\n\n<p>#Mawlid #Prophet #Muhammad #Rabi al-Awwal #Islam #Fr\u00fchling<\/p>\n","protected":false},"excerpt":{"rendered":"<p>Diese Woche wird in vielen Gemeinden der islamischen Welt&nbsp;Mawlid&nbsp;(auch bekannt als&nbsp;\u02bf\u012ad M\u012bl\u0101d an-Nab\u012b) \u2013 n\u00e4mlich das Andenken an den Geburtstag des Propheten Mu\u1e25ammad \ufdfa gefeiert. Dieses Fest wird am 12. Tag im dritten Monat des islamischen Kalenders,&nbsp;Rab\u012b\u02bf al-Awwal, gefeiert, was &hellip; <a href=\"https:\/\/blogs.uni-paderborn.de\/zekkblog\/2022\/10\/07\/mawlid\/\">Weiterlesen <span class=\"meta-nav\">&rarr;<\/span><\/a><\/p>\n","protected":false},"author":8966,"featured_media":0,"comment_status":"closed","ping_status":"open","sticky":false,"template":"","format":"standard","meta":{"footnotes":""},"categories":[1],"tags":[],"class_list":["post-1121","post","type-post","status-publish","format-standard","hentry","category-allgemein"],"_links":{"self":[{"href":"https:\/\/blogs.uni-paderborn.de\/zekkblog\/wp-json\/wp\/v2\/posts\/1121","targetHints":{"allow":["GET"]}}],"collection":[{"href":"https:\/\/blogs.uni-paderborn.de\/zekkblog\/wp-json\/wp\/v2\/posts"}],"about":[{"href":"https:\/\/blogs.uni-paderborn.de\/zekkblog\/wp-json\/wp\/v2\/types\/post"}],"author":[{"embeddable":true,"href":"https:\/\/blogs.uni-paderborn.de\/zekkblog\/wp-json\/wp\/v2\/users\/8966"}],"replies":[{"embeddable":true,"href":"https:\/\/blogs.uni-paderborn.de\/zekkblog\/wp-json\/wp\/v2\/comments?post=1121"}],"version-history":[{"count":3,"href":"https:\/\/blogs.uni-paderborn.de\/zekkblog\/wp-json\/wp\/v2\/posts\/1121\/revisions"}],"predecessor-version":[{"id":1125,"href":"https:\/\/blogs.uni-paderborn.de\/zekkblog\/wp-json\/wp\/v2\/posts\/1121\/revisions\/1125"}],"wp:attachment":[{"href":"https:\/\/blogs.uni-paderborn.de\/zekkblog\/wp-json\/wp\/v2\/media?parent=1121"}],"wp:term":[{"taxonomy":"category","embeddable":true,"href":"https:\/\/blogs.uni-paderborn.de\/zekkblog\/wp-json\/wp\/v2\/categories?post=1121"},{"taxonomy":"post_tag","embeddable":true,"href":"https:\/\/blogs.uni-paderborn.de\/zekkblog\/wp-json\/wp\/v2\/tags?post=1121"}],"curies":[{"name":"wp","href":"https:\/\/api.w.org\/{rel}","templated":true}]}}