{"id":1569,"date":"2018-02-15T17:17:16","date_gmt":"2018-02-15T16:17:16","guid":{"rendered":"https:\/\/blogs.uni-paderborn.de\/stadtschreiber\/?p=1569"},"modified":"2018-02-15T17:23:19","modified_gmt":"2018-02-15T16:23:19","slug":"1569","status":"publish","type":"post","link":"https:\/\/blogs.uni-paderborn.de\/stadtschreiber\/2018\/02\/15\/1569\/","title":{"rendered":"Neuer Stadtschreiber angekommen!"},"content":{"rendered":"<div class=\"twoclick_social_bookmarks_post_1569 social_share_privacy clearfix 1.6.4 locale-de_DE sprite-de_DE\"><\/div><div class=\"twoclick-js\"><script type=\"text\/javascript\">\/* <![CDATA[ *\/\njQuery(document).ready(function($){if($('.twoclick_social_bookmarks_post_1569')){$('.twoclick_social_bookmarks_post_1569').socialSharePrivacy({\"services\":{\"facebook\":{\"status\":\"on\",\"txt_info\":\"2 Klicks f\\u00fcr mehr Datenschutz: Erst wenn Sie hier klicken, wird der Button aktiv und Sie k\\u00f6nnen Ihre Empfehlung an Facebook senden. Schon beim Aktivieren werden Daten an Dritte \\u00fcbertragen - siehe <em>i<\\\/em>.\",\"perma_option\":\"off\",\"action\":\"like\",\"language\":\"de_DE\"},\"twitter\":{\"reply_to\":\"\",\"tweet_text\":\"Neuer%20Stadtschreiber%20angekommen%21%20%C2%BB%20Stadtschreiber%20Paderborn\",\"status\":\"on\",\"txt_info\":\"2 Klicks f\\u00fcr mehr Datenschutz: Erst wenn Sie hier klicken, wird der Button aktiv und Sie k\\u00f6nnen Ihre Empfehlung an Twitter senden. Schon beim Aktivieren werden Daten an Dritte \\u00fcbertragen - siehe <em>i<\\\/em>.\",\"perma_option\":\"off\",\"language\":\"de\"}},\"txt_help\":\"Wenn Sie diese Felder durch einen Klick aktivieren, werden Informationen an Facebook, Twitter, Flattr, Xing, t3n, LinkedIn, Pinterest oder Google eventuell ins Ausland \\u00fcbertragen und unter Umst\\u00e4nden auch dort gespeichert. N\\u00e4heres erfahren Sie durch einen Klick auf das <em>i<\\\/em>.\",\"settings_perma\":\"Dauerhaft aktivieren und Daten\\u00fcber-tragung zustimmen:\",\"info_link\":\"http:\\\/\\\/www.heise.de\\\/ct\\\/artikel\\\/2-Klicks-fuer-mehr-Datenschutz-1333879.html\",\"uri\":\"https:\\\/\\\/blogs.uni-paderborn.de\\\/stadtschreiber\\\/2018\\\/02\\\/15\\\/1569\\\/\",\"post_id\":1569,\"post_title_referrer_track\":\"Neuer+Stadtschreiber+angekommen%21\",\"concat\":\"%3F\",\"display_infobox\":\"on\"});}});\n\/* ]]> *\/<\/script><\/div><p style=\"text-align: left\">Liebe Leserinnen und Leser,<\/p>\n<p style=\"text-align: left\">Mein Umzug von Bayern nach Paderborn ist erfolgt, der zeitraubende Aufbau diverser Discounter-M\u00f6bel abgeschlossen und eine Internetverbindung hergestellt. Nun bin ich in der gl\u00fccklichen Lage, den Blog fortzuf\u00fchren, f\u00fcr den meine engagierte Vorg\u00e4ngerin bereits so viele Leser begeistern konnte.<\/p>\n<p style=\"text-align: left\">Kurz zu mir: Ich bin 29 Jahre alt,\u00a0habe Geschichte und Englisch an der LMU M\u00fcnchen studiert sowie Kulturerbe an den Universit\u00e4ten in Paderborn und Le\u00a0Mans (Frankreich). N\u00e4chstes Ziel: Doktorgrad!<\/p>\n<figure id=\"attachment_1573\" aria-describedby=\"caption-attachment-1573\" style=\"width: 840px\" class=\"wp-caption alignleft\"><img loading=\"lazy\" decoding=\"async\" class=\"wp-image-1573 size-large\" src=\"https:\/\/blogs.uni-paderborn.de\/stadtschreiber\/files\/2018\/02\/IMG_8367-1024x768.jpg\" width=\"840\" height=\"630\" srcset=\"https:\/\/blogs.uni-paderborn.de\/stadtschreiber\/files\/2018\/02\/IMG_8367-1024x768.jpg 1024w, https:\/\/blogs.uni-paderborn.de\/stadtschreiber\/files\/2018\/02\/IMG_8367-300x225.jpg 300w, https:\/\/blogs.uni-paderborn.de\/stadtschreiber\/files\/2018\/02\/IMG_8367-768x576.jpg 768w, https:\/\/blogs.uni-paderborn.de\/stadtschreiber\/files\/2018\/02\/IMG_8367-1200x900.jpg 1200w\" sizes=\"auto, (max-width: 709px) 85vw, (max-width: 909px) 67vw, (max-width: 1362px) 62vw, 840px\" \/><figcaption id=\"caption-attachment-1573\" class=\"wp-caption-text\">Der k\u00fcnftige Paderborner Stadtschreiber, 2017, in einer europ\u00e4ischen Gro\u00dfstadt unterwegs. Wer erkennt sie? &#8212;&gt; Kommentar!<\/figcaption><\/figure>\n<p>&nbsp;<\/p>\n<p>Auf diesem Blog\u00a0m\u00f6chte ich in den folgenden Monaten meine Erlebnisse und Eindr\u00fccke als Paderborner Stadtschreiber festhalten und Menschen aus der Stadt und\u00a0ihrer Umgebung zu Worte kommen lassen. Vor allem berichten m\u00f6chte ich \u00fcber:<\/p>\n<ol>\n<li>kulturelle Ereignisse vom allseits bekannten honorigen Libori-Fest bis\u00a0zur studentischen Street Art, vom wissenschaftlichen Vortrag bis zum ausgelassenen Stra\u00dfenfest.<\/li>\n<li>tempor\u00e4re und dauerhafte Ausstellungen in den zahlreichen Museen im Kreis Paderborn.\u00a0Besonders sehenswerte Einzelst\u00fccke k\u00f6nnen dabei einen eigenen kleinen Artikel erhalten.<\/li>\n<li>die Aktivit\u00e4ten der \u00f6rtlichen Vereine, die sich der Pflege des st\u00e4dtischen kulturellen Erbes,\u00a0der Kunst und dem Sammeln verschrieben haben. Ich freue mich sehr darauf ihre Mitglieder kennenzulernen und hoffe, dass sich mancher f\u00fcr ein kleines \u201eStadtschreiber-Interview\u201c auf diesem Blog zur Verf\u00fcgung stellen wird.<\/li>\n<\/ol>\n<p>Ebenfalls m\u00f6chte ich <strong>pers\u00f6nliche Sammlungen aus Paderborn<\/strong> vorstellen. Wer M\u00fcnzen, Briefmarken, Telefone, Werbekugelschreiber, Waschmaschinen etc. sammelt oder diese vom Urgro\u00dfvater geerbt hat, ist herzlichst eingeladen, sich mit mir via E-Mail (<strong>stadtschreiber@paderborn.com<\/strong>) in Verbindung zu setzen. Der Sammlung w\u00fcrde dann ein eigener Artikel auf diesem Blog gewidmet werden, gemeinsam mit allen Geschichten und Anekdoten, die der gl\u00fcckliche Besitzer mit seinen Mitmenschen teilen m\u00f6chte.<\/p>\n<p>Eine erste solche Sammlung habe ich bereits aufgesp\u00fcrt: Es handelt sich um chinesische M\u00fcnzen aus dem letzten und vorletzten Jahrhundert! Mit einem heimkehrenden Missionar nach Deutschland gekommen, wurden sie als Erbst\u00fccke in der Familie weitergegeben und befinden sich nun in der sicheren Obhut einer Paderborner Studentin.<\/p>\n<p>Herzliche Gr\u00fc\u00dfe und bis bald!<\/p>\n<p>Paul Duschner<\/p>\n","protected":false},"excerpt":{"rendered":"<p>Liebe Leserinnen und Leser, Mein Umzug von Bayern nach Paderborn ist erfolgt, der zeitraubende Aufbau diverser Discounter-M\u00f6bel abgeschlossen und eine Internetverbindung hergestellt. Nun bin ich in der gl\u00fccklichen Lage, den Blog fortzuf\u00fchren, f\u00fcr den meine engagierte Vorg\u00e4ngerin bereits so viele Leser begeistern konnte. Kurz zu mir: Ich bin 29 Jahre alt,\u00a0habe Geschichte und Englisch an &hellip; <a href=\"https:\/\/blogs.uni-paderborn.de\/stadtschreiber\/2018\/02\/15\/1569\/\" class=\"more-link\"><span class=\"screen-reader-text\">\u201eNeuer Stadtschreiber angekommen!\u201c <\/span>weiterlesen<\/a><\/p>\n","protected":false},"author":8101,"featured_media":0,"comment_status":"open","ping_status":"open","sticky":false,"template":"","format":"standard","meta":{"footnotes":""},"categories":[1],"tags":[],"class_list":["post-1569","post","type-post","status-publish","format-standard","hentry","category-allgemein"],"_links":{"self":[{"href":"https:\/\/blogs.uni-paderborn.de\/stadtschreiber\/wp-json\/wp\/v2\/posts\/1569","targetHints":{"allow":["GET"]}}],"collection":[{"href":"https:\/\/blogs.uni-paderborn.de\/stadtschreiber\/wp-json\/wp\/v2\/posts"}],"about":[{"href":"https:\/\/blogs.uni-paderborn.de\/stadtschreiber\/wp-json\/wp\/v2\/types\/post"}],"author":[{"embeddable":true,"href":"https:\/\/blogs.uni-paderborn.de\/stadtschreiber\/wp-json\/wp\/v2\/users\/8101"}],"replies":[{"embeddable":true,"href":"https:\/\/blogs.uni-paderborn.de\/stadtschreiber\/wp-json\/wp\/v2\/comments?post=1569"}],"version-history":[{"count":3,"href":"https:\/\/blogs.uni-paderborn.de\/stadtschreiber\/wp-json\/wp\/v2\/posts\/1569\/revisions"}],"predecessor-version":[{"id":1579,"href":"https:\/\/blogs.uni-paderborn.de\/stadtschreiber\/wp-json\/wp\/v2\/posts\/1569\/revisions\/1579"}],"wp:attachment":[{"href":"https:\/\/blogs.uni-paderborn.de\/stadtschreiber\/wp-json\/wp\/v2\/media?parent=1569"}],"wp:term":[{"taxonomy":"category","embeddable":true,"href":"https:\/\/blogs.uni-paderborn.de\/stadtschreiber\/wp-json\/wp\/v2\/categories?post=1569"},{"taxonomy":"post_tag","embeddable":true,"href":"https:\/\/blogs.uni-paderborn.de\/stadtschreiber\/wp-json\/wp\/v2\/tags?post=1569"}],"curies":[{"name":"wp","href":"https:\/\/api.w.org\/{rel}","templated":true}]}}