{"id":1068,"date":"2022-02-23T14:38:48","date_gmt":"2022-02-23T13:38:48","guid":{"rendered":"https:\/\/blogs.uni-paderborn.de\/performla\/?p=1068"},"modified":"2022-03-24T08:42:29","modified_gmt":"2022-03-24T07:42:29","slug":"willkommen-im-team","status":"publish","type":"post","link":"https:\/\/blogs.uni-paderborn.de\/performla\/2022\/02\/23\/willkommen-im-team\/","title":{"rendered":"Willkommen im Team!"},"content":{"rendered":"<div class=\"twoclick_social_bookmarks_post_1068 social_share_privacy clearfix 1.6.4 locale-de_DE sprite-de_DE\"><\/div><div class=\"twoclick-js\"><script type=\"text\/javascript\">\/* <![CDATA[ *\/\njQuery(document).ready(function($){if($('.twoclick_social_bookmarks_post_1068')){$('.twoclick_social_bookmarks_post_1068').socialSharePrivacy({\"txt_help\":\"Wenn Sie diese Felder durch einen Klick aktivieren, werden Informationen an Facebook, Twitter, Flattr, Xing, t3n, LinkedIn, Pinterest oder Google eventuell ins Ausland \\u00fcbertragen und unter Umst\\u00e4nden auch dort gespeichert. N\\u00e4heres erfahren Sie durch einen Klick auf das <em>i<\\\/em>.\",\"settings_perma\":\"Dauerhaft aktivieren und Daten\\u00fcber-tragung zustimmen:\",\"info_link\":\"http:\\\/\\\/www.heise.de\\\/ct\\\/artikel\\\/2-Klicks-fuer-mehr-Datenschutz-1333879.html\",\"uri\":\"https:\\\/\\\/blogs.uni-paderborn.de\\\/performla\\\/2022\\\/02\\\/23\\\/willkommen-im-team\\\/\",\"post_id\":1068,\"post_title_referrer_track\":\"Willkommen+im+Team%21\",\"display_infobox\":\"on\"});}});\n\/* ]]> *\/<\/script><\/div>\n<p>Wir sind \u00fcberaus gl\u00fccklich bekannt geben zu k\u00f6nnen, dass wir seit dem 15.02 endlich vollst\u00e4ndig sind und von <a href=\"https:\/\/plaz.uni-paderborn.de\/plaz\/organisation\/mitarbeiterinnen-und-mitarbeiter\/person\/28542\" target=\"_blank\" rel=\"noreferrer noopener\">Jana Meier<\/a> als Post-Doc unterst\u00fctzt werden!<\/p>\n\n\n\n<div class=\"wp-block-image\"><figure class=\"alignright size-large\"><img decoding=\"async\" src=\"https:\/\/pm.uni-paderborn.de\/_Resources\/Persistent\/Thumbnails\/220x315\/28542.png\" alt=\"\" \/><figcaption>Unser neues Mitglied Jana Meier.<br> Bildnachweis: \u00a9 privat          <\/figcaption><\/figure><\/div>\n\n\n\n<p>Als wissenschaftliche Mitarbeiterin wird es Janas prim\u00e4re Aufgabe sein, performanzorientierte Lehr- und Pr\u00fcfungsverfahren f\u00fcr die Lehramtsausbildung im Fach Physik und den Bildungswissenschaften weiterzuentwickeln. Bestehende Performanztests zur Unterrichtsplanung, Reflexion und zum Erkl\u00e4ren im Physikunterricht sollen durch Jana, als zusammenh\u00e4ngende Serie von Anforderungen i. S. eines OSTE <em>(objective structured teaching examination<\/em>\/ objektiv strukturierte Lehrpr\u00fcfungen)-Prototypen, kombiniert und umfassend validiert werden.<\/p>\n\n\n\n<p><br>Erfahrungen f\u00fcr die Nachwuchsforschungsgruppe bringt Jana u. a. aus ihrem im Januar <a rel=\"noreferrer noopener\" href=\"https:\/\/digital.ub.uni-paderborn.de\/doi\/10.17619\/UNIPB\/1-1274\" target=\"_blank\">2022 abgeschlossenen Promotionsverfahren<\/a> mit, in dessen Rahmen sie sich mit der Reflexionskompetenz angehender Lehrkr\u00e4fte auseinandergesetzt hat. Zu ihren weiteren Forschungsinteressen z\u00e4hlen au\u00dferdem qualit\u00e4tsvolles Unterrichtshandeln und professionelles Wissen (angehender) Lehrkr\u00e4fte, Berufswahlmotivation von Lehrkr\u00e4ften sowie Testmotivation. Wir freuen uns sehr dar\u00fcber, nun vollst\u00e4ndig zu sein und endlich richtig loslegen zu k\u00f6nnen!<\/p>\n","protected":false},"excerpt":{"rendered":"<p>Wir sind \u00fcberaus gl\u00fccklich bekannt geben zu k\u00f6nnen, dass wir seit dem 15.02 endlich vollst\u00e4ndig sind und von Jana Meier als Post-Doc unterst\u00fctzt werden! Als wissenschaftliche Mitarbeiterin wird es Janas prim\u00e4re Aufgabe sein, performanzorientierte Lehr- und Pr\u00fcfungsverfahren f\u00fcr die Lehramtsausbildung im Fach Physik und den Bildungswissenschaften weiterzuentwickeln. Bestehende Performanztests zur Unterrichtsplanung, Reflexion und zum Erkl\u00e4ren [&hellip;]<\/p>\n","protected":false},"author":9073,"featured_media":0,"comment_status":"closed","ping_status":"open","sticky":false,"template":"","format":"standard","meta":{"footnotes":""},"categories":[10,7],"tags":[],"class_list":["post-1068","post","type-post","status-publish","format-standard","hentry","category-neuigkeiten","category-werkstattberichte"],"_links":{"self":[{"href":"https:\/\/blogs.uni-paderborn.de\/performla\/wp-json\/wp\/v2\/posts\/1068","targetHints":{"allow":["GET"]}}],"collection":[{"href":"https:\/\/blogs.uni-paderborn.de\/performla\/wp-json\/wp\/v2\/posts"}],"about":[{"href":"https:\/\/blogs.uni-paderborn.de\/performla\/wp-json\/wp\/v2\/types\/post"}],"author":[{"embeddable":true,"href":"https:\/\/blogs.uni-paderborn.de\/performla\/wp-json\/wp\/v2\/users\/9073"}],"replies":[{"embeddable":true,"href":"https:\/\/blogs.uni-paderborn.de\/performla\/wp-json\/wp\/v2\/comments?post=1068"}],"version-history":[{"count":6,"href":"https:\/\/blogs.uni-paderborn.de\/performla\/wp-json\/wp\/v2\/posts\/1068\/revisions"}],"predecessor-version":[{"id":1088,"href":"https:\/\/blogs.uni-paderborn.de\/performla\/wp-json\/wp\/v2\/posts\/1068\/revisions\/1088"}],"wp:attachment":[{"href":"https:\/\/blogs.uni-paderborn.de\/performla\/wp-json\/wp\/v2\/media?parent=1068"}],"wp:term":[{"taxonomy":"category","embeddable":true,"href":"https:\/\/blogs.uni-paderborn.de\/performla\/wp-json\/wp\/v2\/categories?post=1068"},{"taxonomy":"post_tag","embeddable":true,"href":"https:\/\/blogs.uni-paderborn.de\/performla\/wp-json\/wp\/v2\/tags?post=1068"}],"curies":[{"name":"wp","href":"https:\/\/api.w.org\/{rel}","templated":true}]}}