{"id":8812,"date":"2011-04-04T16:04:58","date_gmt":"2011-04-04T14:04:58","guid":{"rendered":"http:\/\/blogs.uni-paderborn.de\/mia\/?p=8812"},"modified":"2022-04-06T14:00:24","modified_gmt":"2022-04-06T13:00:24","slug":"breakfast-at-mia-kennenlernfruhstuck-am-13-april","status":"publish","type":"post","link":"https:\/\/blogs.uni-paderborn.de\/mia\/2011\/04\/04\/breakfast-at-mia-kennenlernfruhstuck-am-13-april\/","title":{"rendered":"Breakfast at Mia &#8211; Kennenlernfr\u00fchst\u00fcck am 13. April"},"content":{"rendered":"<div class=\"twoclick_social_bookmarks_post_8812 social_share_privacy clearfix 1.6.4 locale-de_DE sprite-de_DE\"><\/div><div class=\"twoclick-js\"><script type=\"text\/javascript\">\/* <![CDATA[ *\/\njQuery(document).ready(function($){if($('.twoclick_social_bookmarks_post_8812')){$('.twoclick_social_bookmarks_post_8812').socialSharePrivacy({\"txt_help\":\"Wenn Sie diese Felder durch einen Klick aktivieren, werden Informationen an Facebook, Twitter, Flattr, Xing, t3n, LinkedIn, Pinterest oder Google eventuell ins Ausland \\u00fcbertragen und unter Umst\\u00e4nden auch dort gespeichert. N\\u00e4heres erfahren Sie durch einen Klick auf das <em>i<\\\/em>.\",\"settings_perma\":\"Dauerhaft aktivieren und Daten\\u00fcber-tragung zustimmen:\",\"info_link\":\"http:\\\/\\\/www.heise.de\\\/ct\\\/artikel\\\/2-Klicks-fuer-mehr-Datenschutz-1333879.html\",\"uri\":\"https:\\\/\\\/blogs.uni-paderborn.de\\\/mia\\\/2011\\\/04\\\/04\\\/breakfast-at-mia-kennenlernfruhstuck-am-13-april\\\/\",\"post_id\":8812,\"post_title_referrer_track\":\"Breakfast+at+Mia+%26%238211%3B+Kennenlernfr%C3%BChst%C3%BCck+am+13.+April\",\"display_infobox\":\"on\"});}});\n\/* ]]> *\/<\/script><\/div><p style=\"text-align: left;\"><a href=\"http:\/\/groups.uni-paderborn.de\/mia\/wp-content\/uploads\/2011\/04\/breakfast_at_mia_2011_2_klein.jpg\"><img loading=\"lazy\" decoding=\"async\" class=\"size-medium wp-image-8832 aligncenter\" title=\"breakfast_at_mia_2011_2_klein\" src=\"http:\/\/groups.uni-paderborn.de\/mia\/wp-content\/uploads\/2011\/04\/breakfast_at_mia_2011_2_klein-300x212.jpg\" alt=\"\" width=\"180\" height=\"127\" srcset=\"https:\/\/blogs.uni-paderborn.de\/mia\/files\/2011\/04\/breakfast_at_mia_2011_2_klein-300x212.jpg 300w, https:\/\/blogs.uni-paderborn.de\/mia\/files\/2011\/04\/breakfast_at_mia_2011_2_klein-1024x724.jpg 1024w\" sizes=\"auto, (max-width: 180px) 85vw, 180px\" \/><\/a><strong>Du hast Interesse an Fragestellungen rund um das Thema \u201eGender\u201c oder m\u00f6chtest dich mehr f\u00fcr Gleichstellung an der Universit\u00e4t einsetzen? Du findest es interessant, aber w\u00fcrdest gerne genauer wissen, was das Ganze eigentlich soll? Oder m\u00f6chtest du einfach gerne die Leute kennenlernen, die hinter dem Lady Slam stecken?<\/strong><\/p>\n<p style=\"text-align: left;\"><strong><!--more--><\/strong><\/p>\n<p>Dann komm vorbei! Der Frauenprojektbereich Mia l\u00e4dt alle Interessierten und Neugierigen am 13. April zu sich zum Fr\u00fchst\u00fcck ein. Ab 10.30 Uhr, habt ihr die Gelegenheit uns bei Kaffee und Br\u00f6tchen kennenzulernen, mit uns zu diskutieren oder einfach in unserer Bibliothek zu st\u00f6bern.<\/p>\n<p>Ihr findet uns, wie gewohnt, in unserem Raum ME 0.204 gegen\u00fcber dem Geldautomaten.<\/p>\n","protected":false},"excerpt":{"rendered":"<p>Du hast Interesse an Fragestellungen rund um das Thema \u201eGender\u201c oder m\u00f6chtest dich mehr f\u00fcr Gleichstellung an der Universit\u00e4t einsetzen? Du findest es interessant, aber w\u00fcrdest gerne genauer wissen, was das Ganze eigentlich soll? Oder m\u00f6chtest du einfach gerne die Leute kennenlernen, die hinter dem Lady Slam stecken?<\/p>\n","protected":false},"author":12,"featured_media":0,"comment_status":"closed","ping_status":"open","sticky":false,"template":"","format":"standard","meta":{"footnotes":""},"categories":[7],"tags":[],"class_list":["post-8812","post","type-post","status-publish","format-standard","hentry","category-veranstaltungen"],"_links":{"self":[{"href":"https:\/\/blogs.uni-paderborn.de\/mia\/wp-json\/wp\/v2\/posts\/8812","targetHints":{"allow":["GET"]}}],"collection":[{"href":"https:\/\/blogs.uni-paderborn.de\/mia\/wp-json\/wp\/v2\/posts"}],"about":[{"href":"https:\/\/blogs.uni-paderborn.de\/mia\/wp-json\/wp\/v2\/types\/post"}],"author":[{"embeddable":true,"href":"https:\/\/blogs.uni-paderborn.de\/mia\/wp-json\/wp\/v2\/users\/12"}],"replies":[{"embeddable":true,"href":"https:\/\/blogs.uni-paderborn.de\/mia\/wp-json\/wp\/v2\/comments?post=8812"}],"version-history":[{"count":13,"href":"https:\/\/blogs.uni-paderborn.de\/mia\/wp-json\/wp\/v2\/posts\/8812\/revisions"}],"predecessor-version":[{"id":29531,"href":"https:\/\/blogs.uni-paderborn.de\/mia\/wp-json\/wp\/v2\/posts\/8812\/revisions\/29531"}],"wp:attachment":[{"href":"https:\/\/blogs.uni-paderborn.de\/mia\/wp-json\/wp\/v2\/media?parent=8812"}],"wp:term":[{"taxonomy":"category","embeddable":true,"href":"https:\/\/blogs.uni-paderborn.de\/mia\/wp-json\/wp\/v2\/categories?post=8812"},{"taxonomy":"post_tag","embeddable":true,"href":"https:\/\/blogs.uni-paderborn.de\/mia\/wp-json\/wp\/v2\/tags?post=8812"}],"curies":[{"name":"wp","href":"https:\/\/api.w.org\/{rel}","templated":true}]}}