{"id":5042,"date":"2010-01-19T00:10:47","date_gmt":"2010-01-18T22:10:47","guid":{"rendered":"http:\/\/blogs.uni-paderborn.de\/mia\/?p=5042"},"modified":"2022-04-06T13:56:10","modified_gmt":"2022-04-06T12:56:10","slug":"2001-ausstellungseroffnung-ist-dein-korper-von-gewicht","status":"publish","type":"post","link":"https:\/\/blogs.uni-paderborn.de\/mia\/2010\/01\/19\/2001-ausstellungseroffnung-ist-dein-korper-von-gewicht\/","title":{"rendered":"20.01. Ausstellungser\u00f6ffnung &#8222;Ist dein K\u00f6rper von Gewicht?&#8220;"},"content":{"rendered":"<div class=\"twoclick_social_bookmarks_post_5042 social_share_privacy clearfix 1.6.4 locale-de_DE sprite-de_DE\"><\/div><div class=\"twoclick-js\"><script type=\"text\/javascript\">\/* <![CDATA[ *\/\njQuery(document).ready(function($){if($('.twoclick_social_bookmarks_post_5042')){$('.twoclick_social_bookmarks_post_5042').socialSharePrivacy({\"txt_help\":\"Wenn Sie diese Felder durch einen Klick aktivieren, werden Informationen an Facebook, Twitter, Flattr, Xing, t3n, LinkedIn, Pinterest oder Google eventuell ins Ausland \\u00fcbertragen und unter Umst\\u00e4nden auch dort gespeichert. N\\u00e4heres erfahren Sie durch einen Klick auf das <em>i<\\\/em>.\",\"settings_perma\":\"Dauerhaft aktivieren und Daten\\u00fcber-tragung zustimmen:\",\"info_link\":\"http:\\\/\\\/www.heise.de\\\/ct\\\/artikel\\\/2-Klicks-fuer-mehr-Datenschutz-1333879.html\",\"uri\":\"https:\\\/\\\/blogs.uni-paderborn.de\\\/mia\\\/2010\\\/01\\\/19\\\/2001-ausstellungseroffnung-ist-dein-korper-von-gewicht\\\/\",\"post_id\":5042,\"post_title_referrer_track\":\"20.01.+Ausstellungser%C3%B6ffnung+%26%238222%3BIst+dein+K%C3%B6rper+von+Gewicht%3F%26%238220%3B\",\"display_infobox\":\"on\"});}});\n\/* ]]> *\/<\/script><\/div><p><strong><a href=\"http:\/\/groups.uni-paderborn.de\/mia\/?p=5042\"><img decoding=\"async\" class=\"alignleft size-medium wp-image-5012\" title=\"austellungsplakat\" src=\"http:\/\/groups.uni-paderborn.de\/mia\/wp-content\/uploads\/2009\/05\/austellungsplakat-212x300.jpg\" alt=\"austellungsplakat\" width=\"90\"><\/a>Mi. 20. Jan. 2010 &#8211; 19 Uhr &#8211; Ausstellungsflur Kulturwerkstatt Paderborn &#8211; Eintritt frei<br \/>\n<\/strong><\/p>\n<p>Der Frauenprojektbereich &#8222;Mia&#8220; l\u00e4dt Sie ganz herzlich zum Er\u00f6ffnungsabend der Kunstausstellung \u201eIst dein K\u00f6rper von Gewicht?\u201c ein.<\/p>\n<p><!--more-->Rund 20 K\u00fcnstlerinnen und K\u00fcnstler aus Paderborn und Umgebung haben sich mit der Frage nach der Bedeutung und Darstellung von K\u00f6rperlichkeit und Geschlecht auseinandergesetzt. Wir freuen uns, gemeinsam mit der Gleichstellungsstelle der Stadt Paderborn die Kunstwerke unter dem Titel \u201eIst dein K\u00f6rper von Gewicht?\u201c einen Monat lang in der Kulturwerkstatt Paderborn pr\u00e4sentieren zu d\u00fcrfen.<\/p>\n<p>Im Rahmen des Er\u00f6ffnungsabends werden zudem Ideen und Assoziationen in Form von Literatur, Musik und Tanz vorgestellt.<\/p>\n<p>Die Ausstellung wird <strong>vom 21. Januar bis zum 21. Februar 2010<\/strong> zu den \u00d6ffnungszeiten der Kulturwerkstatt im Ausstellungsflur zu besichtigen sein.<\/p>\n<p><a href=\"http:\/\/groups.uni-paderborn.de\/mia\/?p=3582\">=&gt; N\u00e4heres zu dem thematischen Hintergrund des K\u00fcnstleraufrufs<\/a>.<\/p>\n","protected":false},"excerpt":{"rendered":"<p>Mi. 20. Jan. 2010 &#8211; 19 Uhr &#8211; Ausstellungsflur Kulturwerkstatt Paderborn &#8211; Eintritt frei Der Frauenprojektbereich &#8222;Mia&#8220; l\u00e4dt Sie ganz herzlich zum Er\u00f6ffnungsabend der Kunstausstellung \u201eIst dein K\u00f6rper von Gewicht?\u201c ein.<\/p>\n","protected":false},"author":6,"featured_media":0,"comment_status":"closed","ping_status":"open","sticky":false,"template":"","format":"standard","meta":{"footnotes":""},"categories":[1],"tags":[],"class_list":["post-5042","post","type-post","status-publish","format-standard","hentry","category-uncategorized"],"_links":{"self":[{"href":"https:\/\/blogs.uni-paderborn.de\/mia\/wp-json\/wp\/v2\/posts\/5042","targetHints":{"allow":["GET"]}}],"collection":[{"href":"https:\/\/blogs.uni-paderborn.de\/mia\/wp-json\/wp\/v2\/posts"}],"about":[{"href":"https:\/\/blogs.uni-paderborn.de\/mia\/wp-json\/wp\/v2\/types\/post"}],"author":[{"embeddable":true,"href":"https:\/\/blogs.uni-paderborn.de\/mia\/wp-json\/wp\/v2\/users\/6"}],"replies":[{"embeddable":true,"href":"https:\/\/blogs.uni-paderborn.de\/mia\/wp-json\/wp\/v2\/comments?post=5042"}],"version-history":[{"count":9,"href":"https:\/\/blogs.uni-paderborn.de\/mia\/wp-json\/wp\/v2\/posts\/5042\/revisions"}],"predecessor-version":[{"id":29514,"href":"https:\/\/blogs.uni-paderborn.de\/mia\/wp-json\/wp\/v2\/posts\/5042\/revisions\/29514"}],"wp:attachment":[{"href":"https:\/\/blogs.uni-paderborn.de\/mia\/wp-json\/wp\/v2\/media?parent=5042"}],"wp:term":[{"taxonomy":"category","embeddable":true,"href":"https:\/\/blogs.uni-paderborn.de\/mia\/wp-json\/wp\/v2\/categories?post=5042"},{"taxonomy":"post_tag","embeddable":true,"href":"https:\/\/blogs.uni-paderborn.de\/mia\/wp-json\/wp\/v2\/tags?post=5042"}],"curies":[{"name":"wp","href":"https:\/\/api.w.org\/{rel}","templated":true}]}}