{"id":26161,"date":"2013-06-10T15:30:53","date_gmt":"2013-06-10T13:30:53","guid":{"rendered":"http:\/\/blogs.uni-paderborn.de\/mia\/?p=26161"},"modified":"2022-04-06T14:24:58","modified_gmt":"2022-04-06T13:24:58","slug":"das-schweigen-brechen-weibliche-genitalverstummelung-beenden","status":"publish","type":"post","link":"https:\/\/blogs.uni-paderborn.de\/mia\/2013\/06\/10\/das-schweigen-brechen-weibliche-genitalverstummelung-beenden\/","title":{"rendered":"Das Schweigen brechen, weibliche Genitalverst\u00fcmmelung beenden"},"content":{"rendered":"<div class=\"twoclick_social_bookmarks_post_26161 social_share_privacy clearfix 1.6.4 locale-de_DE sprite-de_DE\"><\/div><div class=\"twoclick-js\"><script type=\"text\/javascript\">\/* <![CDATA[ *\/\njQuery(document).ready(function($){if($('.twoclick_social_bookmarks_post_26161')){$('.twoclick_social_bookmarks_post_26161').socialSharePrivacy({\"txt_help\":\"Wenn Sie diese Felder durch einen Klick aktivieren, werden Informationen an Facebook, Twitter, Flattr, Xing, t3n, LinkedIn, Pinterest oder Google eventuell ins Ausland \\u00fcbertragen und unter Umst\\u00e4nden auch dort gespeichert. N\\u00e4heres erfahren Sie durch einen Klick auf das <em>i<\\\/em>.\",\"settings_perma\":\"Dauerhaft aktivieren und Daten\\u00fcber-tragung zustimmen:\",\"info_link\":\"http:\\\/\\\/www.heise.de\\\/ct\\\/artikel\\\/2-Klicks-fuer-mehr-Datenschutz-1333879.html\",\"uri\":\"https:\\\/\\\/blogs.uni-paderborn.de\\\/mia\\\/2013\\\/06\\\/10\\\/das-schweigen-brechen-weibliche-genitalverstummelung-beenden\\\/\",\"post_id\":26161,\"post_title_referrer_track\":\"Das+Schweigen+brechen%2C+weibliche+Genitalverst%C3%BCmmelung+beenden\",\"display_infobox\":\"on\"});}});\n\/* ]]> *\/<\/script><\/div><p><strong><a href=\"http:\/\/groups.uni-paderborn.de\/mia\/wp-content\/uploads\/2013\/06\/aim_logo1.gif\"><img loading=\"lazy\" decoding=\"async\" class=\"alignleft wp-image-26181 size-full\" title=\"aim_logo\" src=\"http:\/\/blogs.uni-paderborn.de\/mia\/files\/2013\/06\/aim_logo1.gif\" alt=\"\" width=\"218\" height=\"110\"><\/a>Im Rahmen des festival contre le racisme, das diese Woche an der Uni Paderborn mit verschiedenen Veranstaltungen zu den Themen Diskriminierung und Rassismus informiert und aufmerksam macht, findet heute um 19 Uhr im H\u00f6rsaal C2 ein Vortrag von Rugiatu Turay (<a href=\"http:\/\/www.aim-sierra-leone.de\/\" target=\"_blank\" rel=\"noopener\">Amazonian Initiative Movemen<\/a>t) und Verena Kirschner (<a href=\"http:\/\/www.terre-des-femmes.de\/\" target=\"_blank\" rel=\"noopener\">Terre des Femmes<\/a>) zum Thema Genitalverst\u00fcmmelung in Sierra Leone statt.<br \/>\n<\/strong><br \/>\n<!--more-->Das Amazonian Intitiative Movement, mit den passenden Initialen AIM, ist eine unabh\u00e4ngige Frauenrechtsorganisation, die 2003 von Rugiatu Turay in der sierra-leonischen Kleinstadt Lunsar gegr\u00fcndet wurde. Die Vision von AIM sind starke, selbstbestimmte Frauen, welche die Herausforderungen ihres Lebens selbstbewusst meistern. Die Mitglieder des Vereins verstehen ihre Aufgabe darin, die Rechte von M\u00e4dchen und Frauen durch Bildung, Anwaltschaft und Empowerment zu sch\u00fctzen. Das Hauptziel der Arbeit ist die \u00dcberwindung der weiblichen Genitalbeschneidung, von der \u00fcber 90 Prozent der M\u00e4dchen und Frauen in Sierra Leone betroffen sind. Dar\u00fcber hinaus engagiert sich der Verein gegen weitere Frauenrechtsverletzungen wie Zwangsverheiratung und h\u00e4usliche Gewalt. AIM unterh\u00e4lt ein Schutzhaus f\u00fcr M\u00e4dchen und f\u00fchrt Auskl\u00e4rungsarbeit und einkommensschaffende Projekte durch sowie politische Arbeit auf lokaler, nationaler, regionaler und internationaler Ebene.<\/p>\n<p>Ein Blick auf das weitere <a href=\"http:\/\/asta.uni-paderborn.de\/kultur\/festival-contre-le-racisme\/\" target=\"_blank\" rel=\"noopener\">Programm<\/a> des festival contre le rasicme 2013<strong>.<br \/>\n<\/strong><\/p>\n","protected":false},"excerpt":{"rendered":"<p>Im Rahmen des festival contre le racisme, das diese Woche an der Uni Paderborn mit verschiedenen Veranstaltungen zu den Themen Diskriminierung und Rassismus informiert und aufmerksam macht, findet heute um 19 Uhr im H\u00f6rsaal C2 ein Vortrag von Rugiatu Turay (Amazonian Initiative Movement) und Verena Kirschner (Terre des Femmes) zum Thema Genitalverst\u00fcmmelung in Sierra Leone &hellip; <a href=\"https:\/\/blogs.uni-paderborn.de\/mia\/2013\/06\/10\/das-schweigen-brechen-weibliche-genitalverstummelung-beenden\/\" class=\"more-link\"><span class=\"screen-reader-text\">\u201eDas Schweigen brechen, weibliche Genitalverst\u00fcmmelung beenden\u201c <\/span>weiterlesen<\/a><\/p>\n","protected":false},"author":52,"featured_media":0,"comment_status":"closed","ping_status":"open","sticky":false,"template":"","format":"standard","meta":{"footnotes":""},"categories":[7],"tags":[],"class_list":["post-26161","post","type-post","status-publish","format-standard","hentry","category-veranstaltungen"],"_links":{"self":[{"href":"https:\/\/blogs.uni-paderborn.de\/mia\/wp-json\/wp\/v2\/posts\/26161","targetHints":{"allow":["GET"]}}],"collection":[{"href":"https:\/\/blogs.uni-paderborn.de\/mia\/wp-json\/wp\/v2\/posts"}],"about":[{"href":"https:\/\/blogs.uni-paderborn.de\/mia\/wp-json\/wp\/v2\/types\/post"}],"author":[{"embeddable":true,"href":"https:\/\/blogs.uni-paderborn.de\/mia\/wp-json\/wp\/v2\/users\/52"}],"replies":[{"embeddable":true,"href":"https:\/\/blogs.uni-paderborn.de\/mia\/wp-json\/wp\/v2\/comments?post=26161"}],"version-history":[{"count":13,"href":"https:\/\/blogs.uni-paderborn.de\/mia\/wp-json\/wp\/v2\/posts\/26161\/revisions"}],"predecessor-version":[{"id":29618,"href":"https:\/\/blogs.uni-paderborn.de\/mia\/wp-json\/wp\/v2\/posts\/26161\/revisions\/29618"}],"wp:attachment":[{"href":"https:\/\/blogs.uni-paderborn.de\/mia\/wp-json\/wp\/v2\/media?parent=26161"}],"wp:term":[{"taxonomy":"category","embeddable":true,"href":"https:\/\/blogs.uni-paderborn.de\/mia\/wp-json\/wp\/v2\/categories?post=26161"},{"taxonomy":"post_tag","embeddable":true,"href":"https:\/\/blogs.uni-paderborn.de\/mia\/wp-json\/wp\/v2\/tags?post=26161"}],"curies":[{"name":"wp","href":"https:\/\/api.w.org\/{rel}","templated":true}]}}