{"id":16512,"date":"2012-03-24T12:30:13","date_gmt":"2012-03-24T10:30:13","guid":{"rendered":"http:\/\/blogs.uni-paderborn.de\/mia\/?p=16512"},"modified":"2022-04-06T14:08:41","modified_gmt":"2022-04-06T13:08:41","slug":"streit-um-elfjahrige-transsexuelle-alex-soll-in-die-psychiatrie","status":"publish","type":"post","link":"https:\/\/blogs.uni-paderborn.de\/mia\/2012\/03\/24\/streit-um-elfjahrige-transsexuelle-alex-soll-in-die-psychiatrie\/","title":{"rendered":"Streit um elfj\u00e4hrige Transsexuelle: Alex soll in die Psychiatrie"},"content":{"rendered":"<div class=\"twoclick_social_bookmarks_post_16512 social_share_privacy clearfix 1.6.4 locale-de_DE sprite-de_DE\"><\/div><div class=\"twoclick-js\"><script type=\"text\/javascript\">\/* <![CDATA[ *\/\njQuery(document).ready(function($){if($('.twoclick_social_bookmarks_post_16512')){$('.twoclick_social_bookmarks_post_16512').socialSharePrivacy({\"txt_help\":\"Wenn Sie diese Felder durch einen Klick aktivieren, werden Informationen an Facebook, Twitter, Flattr, Xing, t3n, LinkedIn, Pinterest oder Google eventuell ins Ausland \\u00fcbertragen und unter Umst\\u00e4nden auch dort gespeichert. N\\u00e4heres erfahren Sie durch einen Klick auf das <em>i<\\\/em>.\",\"settings_perma\":\"Dauerhaft aktivieren und Daten\\u00fcber-tragung zustimmen:\",\"info_link\":\"http:\\\/\\\/www.heise.de\\\/ct\\\/artikel\\\/2-Klicks-fuer-mehr-Datenschutz-1333879.html\",\"uri\":\"https:\\\/\\\/blogs.uni-paderborn.de\\\/mia\\\/2012\\\/03\\\/24\\\/streit-um-elfjahrige-transsexuelle-alex-soll-in-die-psychiatrie\\\/\",\"post_id\":16512,\"post_title_referrer_track\":\"Streit+um+elfj%C3%A4hrige+Transsexuelle%3A+Alex+soll+in+die+Psychiatrie\",\"display_infobox\":\"on\"});}});\n\/* ]]> *\/<\/script><\/div><div class=\"mceTemp\" style=\"text-align: justify;\">\n<dl id=\"\" class=\"wp-caption alignleft\" style=\"width: 352px;\">\n<dt class=\"wp-caption-dt\"><img decoding=\"async\" class=\" \" title=\"Alex f\u00fchlt sich als M\u00e4dchen.\" src=\"http:\/\/taz.de\/uploads\/images\/684x342\/12032306_alex_priv.jpg\" alt=\"Bild: privat (Quelle: taz.de)\" width=\"342\" height=\"170,5\"><\/dt>\n<dd class=\"wp-caption-dd\"><span><span>Alex f\u00fchlt sich als M\u00e4dchen. (Bild: privat | Quelle: <a title=\"taz.de\" href=\"http:\/\/taz.de\/Streit-um-elfjaehrige-Transsexuelle\/!90229\/\" target=\"_blank\" rel=\"noopener\">taz.de<\/a>)<\/span><\/span><\/dd>\n<\/dl>\n<\/div>\n<p>Ein Artikel von Heide Oestreich gefunden auf <a title=\"taz.de\" href=\"http:\/\/taz.de\/Streit-um-elfjaehrige-Transsexuelle\/%2190229\/\" target=\"_blank\" rel=\"noopener\">taz.de<\/a>:<\/p>\n<blockquote><p><strong>&#8222;Die transsexuelle Alex f\u00fchlt sich als M\u00e4dchen und lebt auch so. Nun urteilte ein Gericht, dass ihre Mutter die Transexualit\u00e4t \u201einduziert\u201c habe. Das Kind soll in die Psychiatrie.<\/strong><\/p>\n<p>BERLIN <em>taz<\/em> | Die transsexuelle Alex Kaminski (<em>Name ge\u00e4ndert<\/em>) darf in die Psychiatrie eingewiesen werden. Dies entschied das Berliner Kammergericht am Donnerstag. Die Mutter der Elfj\u00e4hrigen hatte gegen die Entscheidung des Jugendamts geklagt und verloren. Ihr Anwalt k\u00fcndigte an, vors Verfassungsgericht zu ziehen.<\/p>\n<p>Das Kind, das sich sein Leben lang als M\u00e4dchen f\u00fchlt und wie ein M\u00e4dchen lebt, darf nun in die Berliner Charit\u00e9 zwangseingewiesen werden. Das Jugendamt konnte diese Entscheidung treffen, weil die getrennt lebenden Eltern unterschiedliche Auffassungen \u00fcber die medizinische Behandlung des Kindes hatten und die Gesundheitsf\u00fcrsorge deshalb ans Jugendamt abgetreten hatten. Dort vertrat eine Pflegerin die Auffassung, Alex solle in der Charit\u00e9 station\u00e4r behandelt werden und anschlie\u00dfend in eine Pflegefamilie wechseln.&#8220;<\/p><\/blockquote>\n<p><a title=\"taz.de\" href=\"http:\/\/taz.de\/Streit-um-elfjaehrige-Transsexuelle\/%2190229\/\" target=\"_blank\" rel=\"noopener\">weiterlesen auf taz.de<\/a><\/p>\n","protected":false},"excerpt":{"rendered":"<p>Alex f\u00fchlt sich als M\u00e4dchen. (Bild: privat | Quelle: taz.de) Ein Artikel von Heide Oestreich gefunden auf taz.de: &#8222;Die transsexuelle Alex f\u00fchlt sich als M\u00e4dchen und lebt auch so. Nun urteilte ein Gericht, dass ihre Mutter die Transexualit\u00e4t \u201einduziert\u201c habe. Das Kind soll in die Psychiatrie. BERLIN taz | Die transsexuelle Alex Kaminski (Name ge\u00e4ndert) &hellip; <a href=\"https:\/\/blogs.uni-paderborn.de\/mia\/2012\/03\/24\/streit-um-elfjahrige-transsexuelle-alex-soll-in-die-psychiatrie\/\" class=\"more-link\"><span class=\"screen-reader-text\">\u201eStreit um elfj\u00e4hrige Transsexuelle: Alex soll in die Psychiatrie\u201c <\/span>weiterlesen<\/a><\/p>\n","protected":false},"author":62,"featured_media":0,"comment_status":"closed","ping_status":"open","sticky":false,"template":"","format":"standard","meta":{"footnotes":""},"categories":[1],"tags":[],"class_list":["post-16512","post","type-post","status-publish","format-standard","hentry","category-uncategorized"],"_links":{"self":[{"href":"https:\/\/blogs.uni-paderborn.de\/mia\/wp-json\/wp\/v2\/posts\/16512","targetHints":{"allow":["GET"]}}],"collection":[{"href":"https:\/\/blogs.uni-paderborn.de\/mia\/wp-json\/wp\/v2\/posts"}],"about":[{"href":"https:\/\/blogs.uni-paderborn.de\/mia\/wp-json\/wp\/v2\/types\/post"}],"author":[{"embeddable":true,"href":"https:\/\/blogs.uni-paderborn.de\/mia\/wp-json\/wp\/v2\/users\/62"}],"replies":[{"embeddable":true,"href":"https:\/\/blogs.uni-paderborn.de\/mia\/wp-json\/wp\/v2\/comments?post=16512"}],"version-history":[{"count":32,"href":"https:\/\/blogs.uni-paderborn.de\/mia\/wp-json\/wp\/v2\/posts\/16512\/revisions"}],"predecessor-version":[{"id":29565,"href":"https:\/\/blogs.uni-paderborn.de\/mia\/wp-json\/wp\/v2\/posts\/16512\/revisions\/29565"}],"wp:attachment":[{"href":"https:\/\/blogs.uni-paderborn.de\/mia\/wp-json\/wp\/v2\/media?parent=16512"}],"wp:term":[{"taxonomy":"category","embeddable":true,"href":"https:\/\/blogs.uni-paderborn.de\/mia\/wp-json\/wp\/v2\/categories?post=16512"},{"taxonomy":"post_tag","embeddable":true,"href":"https:\/\/blogs.uni-paderborn.de\/mia\/wp-json\/wp\/v2\/tags?post=16512"}],"curies":[{"name":"wp","href":"https:\/\/api.w.org\/{rel}","templated":true}]}}