{"id":16432,"date":"2012-03-23T21:59:57","date_gmt":"2012-03-23T19:59:57","guid":{"rendered":"http:\/\/blogs.uni-paderborn.de\/mia\/?p=16432"},"modified":"2022-04-06T14:08:30","modified_gmt":"2022-04-06T13:08:30","slug":"23-marz-equal-pay-day","status":"publish","type":"post","link":"https:\/\/blogs.uni-paderborn.de\/mia\/2012\/03\/23\/23-marz-equal-pay-day\/","title":{"rendered":"23. M\u00e4rz. Equal Pay Day"},"content":{"rendered":"<div class=\"twoclick_social_bookmarks_post_16432 social_share_privacy clearfix 1.6.4 locale-de_DE sprite-de_DE\"><\/div><div class=\"twoclick-js\"><script type=\"text\/javascript\">\/* <![CDATA[ *\/\njQuery(document).ready(function($){if($('.twoclick_social_bookmarks_post_16432')){$('.twoclick_social_bookmarks_post_16432').socialSharePrivacy({\"txt_help\":\"Wenn Sie diese Felder durch einen Klick aktivieren, werden Informationen an Facebook, Twitter, Flattr, Xing, t3n, LinkedIn, Pinterest oder Google eventuell ins Ausland \\u00fcbertragen und unter Umst\\u00e4nden auch dort gespeichert. N\\u00e4heres erfahren Sie durch einen Klick auf das <em>i<\\\/em>.\",\"settings_perma\":\"Dauerhaft aktivieren und Daten\\u00fcber-tragung zustimmen:\",\"info_link\":\"http:\\\/\\\/www.heise.de\\\/ct\\\/artikel\\\/2-Klicks-fuer-mehr-Datenschutz-1333879.html\",\"uri\":\"https:\\\/\\\/blogs.uni-paderborn.de\\\/mia\\\/2012\\\/03\\\/23\\\/23-marz-equal-pay-day\\\/\",\"post_id\":16432,\"post_title_referrer_track\":\"23.+M%C3%A4rz.+Equal+Pay+Day\",\"display_infobox\":\"on\"});}});\n\/* ]]> *\/<\/script><\/div><p><img loading=\"lazy\" decoding=\"async\" class=\"alignleft size-medium wp-image-16822\" title=\"EPD Logo mit BPW-Zeile 120104 schwarz\" src=\"http:\/\/groups.uni-paderborn.de\/mia\/wp-content\/uploads\/2012\/03\/EPD_Logo_Taschendruck-227x300.jpg\" alt=\"\" width=\"227\" height=\"300\" srcset=\"https:\/\/blogs.uni-paderborn.de\/mia\/files\/2012\/03\/EPD_Logo_Taschendruck-227x300.jpg 227w, https:\/\/blogs.uni-paderborn.de\/mia\/files\/2012\/03\/EPD_Logo_Taschendruck-776x1024.jpg 776w, https:\/\/blogs.uni-paderborn.de\/mia\/files\/2012\/03\/EPD_Logo_Taschendruck.jpg 1411w\" sizes=\"auto, (max-width: 227px) 85vw, 227px\" \/>Heute ist <a href=\"http:\/\/www.equalpayday.de\/9.html\">Equal Pay Day<\/a>, der auf die gro\u00dfe Schere zwischen den Geh\u00e4ltern von M\u00e4nnern und Frauen &#8212; auch bei gleicher Qualifikation &#8212; aufmerksam machen soll. Einen <a href=\"http:\/\/maedchenmannschaft.net\/alle-jahre-wieder-oder-warum-der-equal-pay-day-noch-immer-noetig-ist\/\">guten \u00dcberblick warum ein Equal Pay Day auch noch heute n\u00f6tig ist<\/a>, geben die Bloggerinnen der <a href=\"http:\/\/maedchenmannschaft.net\">M\u00e4dchenmannschaft<\/a>. Welche Gr\u00fcnde gibt es f\u00fcr diesen &#8222;Pay Gap&#8220;? Kann die Quote helfen? Was kann jede einzelne von uns tun und was hat eine rote Tasche damit zu tun?<\/p>\n<p>&nbsp;<\/p>\n","protected":false},"excerpt":{"rendered":"<p>Heute ist Equal Pay Day, der auf die gro\u00dfe Schere zwischen den Geh\u00e4ltern von M\u00e4nnern und Frauen &#8212; auch bei gleicher Qualifikation &#8212; aufmerksam machen soll. Einen guten \u00dcberblick warum ein Equal Pay Day auch noch heute n\u00f6tig ist, geben die Bloggerinnen der M\u00e4dchenmannschaft. Welche Gr\u00fcnde gibt es f\u00fcr diesen &#8222;Pay Gap&#8220;? Kann die Quote &hellip; <a href=\"https:\/\/blogs.uni-paderborn.de\/mia\/2012\/03\/23\/23-marz-equal-pay-day\/\" class=\"more-link\"><span class=\"screen-reader-text\">\u201e23. M\u00e4rz. Equal Pay Day\u201c <\/span>weiterlesen<\/a><\/p>\n","protected":false},"author":12,"featured_media":0,"comment_status":"closed","ping_status":"open","sticky":false,"template":"","format":"standard","meta":{"footnotes":""},"categories":[1],"tags":[],"class_list":["post-16432","post","type-post","status-publish","format-standard","hentry","category-uncategorized"],"_links":{"self":[{"href":"https:\/\/blogs.uni-paderborn.de\/mia\/wp-json\/wp\/v2\/posts\/16432","targetHints":{"allow":["GET"]}}],"collection":[{"href":"https:\/\/blogs.uni-paderborn.de\/mia\/wp-json\/wp\/v2\/posts"}],"about":[{"href":"https:\/\/blogs.uni-paderborn.de\/mia\/wp-json\/wp\/v2\/types\/post"}],"author":[{"embeddable":true,"href":"https:\/\/blogs.uni-paderborn.de\/mia\/wp-json\/wp\/v2\/users\/12"}],"replies":[{"embeddable":true,"href":"https:\/\/blogs.uni-paderborn.de\/mia\/wp-json\/wp\/v2\/comments?post=16432"}],"version-history":[{"count":7,"href":"https:\/\/blogs.uni-paderborn.de\/mia\/wp-json\/wp\/v2\/posts\/16432\/revisions"}],"predecessor-version":[{"id":29564,"href":"https:\/\/blogs.uni-paderborn.de\/mia\/wp-json\/wp\/v2\/posts\/16432\/revisions\/29564"}],"wp:attachment":[{"href":"https:\/\/blogs.uni-paderborn.de\/mia\/wp-json\/wp\/v2\/media?parent=16432"}],"wp:term":[{"taxonomy":"category","embeddable":true,"href":"https:\/\/blogs.uni-paderborn.de\/mia\/wp-json\/wp\/v2\/categories?post=16432"},{"taxonomy":"post_tag","embeddable":true,"href":"https:\/\/blogs.uni-paderborn.de\/mia\/wp-json\/wp\/v2\/tags?post=16432"}],"curies":[{"name":"wp","href":"https:\/\/api.w.org\/{rel}","templated":true}]}}