{"id":95,"date":"2022-08-31T09:21:23","date_gmt":"2022-08-31T07:21:23","guid":{"rendered":"https:\/\/blogs.uni-paderborn.de\/mentoring\/?p=95"},"modified":"2023-05-11T13:33:25","modified_gmt":"2023-05-11T11:33:25","slug":"interview-perspektive-m","status":"publish","type":"post","link":"https:\/\/blogs.uni-paderborn.de\/mentoring\/2022\/08\/31\/interview-perspektive-m\/","title":{"rendered":"Aus der Sicht einer Mentee: Erfahrungen im Mentoring-Programm perspEktIve M"},"content":{"rendered":"<div class=\"twoclick_social_bookmarks_post_95 social_share_privacy clearfix 1.6.4 locale-de_DE sprite-de_DE\"><\/div><div class=\"twoclick-js\"><script type=\"text\/javascript\">\/* <![CDATA[ *\/\njQuery(document).ready(function($){if($('.twoclick_social_bookmarks_post_95')){$('.twoclick_social_bookmarks_post_95').socialSharePrivacy({\"txt_help\":\"Wenn Sie diese Felder durch einen Klick aktivieren, werden Informationen an Facebook, Twitter, Flattr, Xing, t3n, LinkedIn, Pinterest oder Google eventuell ins Ausland \\u00fcbertragen und unter Umst\\u00e4nden auch dort gespeichert. N\\u00e4heres erfahren Sie durch einen Klick auf das <em>i<\\\/em>.\",\"settings_perma\":\"Dauerhaft aktivieren und Daten\\u00fcber-tragung zustimmen:\",\"info_link\":\"http:\\\/\\\/www.heise.de\\\/ct\\\/artikel\\\/2-Klicks-fuer-mehr-Datenschutz-1333879.html\",\"uri\":\"https:\\\/\\\/blogs.uni-paderborn.de\\\/mentoring\\\/2022\\\/08\\\/31\\\/interview-perspektive-m\\\/\",\"post_id\":95,\"post_title_referrer_track\":\"Aus+der+Sicht+einer+Mentee%3A+Erfahrungen+im+Mentoring-Programm+perspEktIve+M\",\"display_infobox\":\"on\"});}});\n\/* ]]> *\/<\/script><\/div><div class=\"wp-block-image\">\n<figure class=\"alignleft size-medium is-resized\"><img loading=\"lazy\" decoding=\"async\" src=\"https:\/\/blogs.uni-paderborn.de\/mentoring\/files\/2023\/01\/pexels-rfstudio-3810756-1-edited.jpg\" alt=\"\" class=\"wp-image-191\" width=\"305\" height=\"305\" srcset=\"https:\/\/blogs.uni-paderborn.de\/mentoring\/files\/2023\/01\/pexels-rfstudio-3810756-1-edited.jpg 2413w, https:\/\/blogs.uni-paderborn.de\/mentoring\/files\/2023\/01\/pexels-rfstudio-3810756-1-edited-300x300.jpg 300w, https:\/\/blogs.uni-paderborn.de\/mentoring\/files\/2023\/01\/pexels-rfstudio-3810756-1-edited-1024x1024.jpg 1024w, https:\/\/blogs.uni-paderborn.de\/mentoring\/files\/2023\/01\/pexels-rfstudio-3810756-1-edited-150x150.jpg 150w, https:\/\/blogs.uni-paderborn.de\/mentoring\/files\/2023\/01\/pexels-rfstudio-3810756-1-edited-768x768.jpg 768w, https:\/\/blogs.uni-paderborn.de\/mentoring\/files\/2023\/01\/pexels-rfstudio-3810756-1-edited-1536x1536.jpg 1536w, https:\/\/blogs.uni-paderborn.de\/mentoring\/files\/2023\/01\/pexels-rfstudio-3810756-1-edited-2048x2048.jpg 2048w, https:\/\/blogs.uni-paderborn.de\/mentoring\/files\/2023\/01\/pexels-rfstudio-3810756-1-edited-1200x1200.jpg 1200w\" sizes=\"auto, (max-width: 305px) 100vw, 305px\" \/><\/figure>\n<\/div>\n\n\n<p><strong><em>Welcher Begriff f\u00e4llt dir als Erstes ein, wenn du an das Mentoring-Programm&nbsp;<a href=\"https:\/\/www.eim.uni-paderborn.de\/fakultaet\/studium\/studienangebot\/mentoringprogramm\">perspEktIve M<\/a>&nbsp;zur\u00fcckdenkst?<\/em><\/strong><\/p>\n\n\n\n<p>Ich denke an \u201eIdeen\u201c. Denn durch das Mentoring-Programm bin ich vielen verschiedenen Menschen begegnet und durfte an unterschiedlichen Veranstaltungen teilnehmen, sodass ich vor allem einige neue Sichtweisen und Ideen aufschnappen konnte.<\/p>\n\n\n\n<p><strong><em>Was war deine Motivation am Programm teilzunehmen?<\/em><\/strong><\/p>\n\n\n\n<p>Ich wollte gerne promovieren, aber war mir unsicher, ob auf diesem Weg noch irgendwelche \u201eGefahren\u201c lauern. Deswegen fand ich die Idee gut, mit einer Doktorandin einfach mal ungezwungen \u00fcber alles reden zu k\u00f6nnen. Au\u00dferdem haben mich die Veranstaltungen, die sich auf die Organisation der Promotion bezogen, interessiert.&nbsp;<\/p>\n\n\n\n<p><strong><em>Kannst du dich vielleicht noch an einen ganz besonderen Moment im Studium erinnern, in dem du dar\u00fcber nachgedacht hast, ob eine Promotion eine Option f\u00fcr dich w\u00e4re?<\/em><\/strong><\/p>\n\n\n\n<p>In meiner Bachelorarbeit wurde ich von Doktoranden betreut und konnte dabei Einblicke in deren Arbeit gewinnen. Ab da konnte ich mir diesen Weg f\u00fcr mich auch vorstellen.<\/p>\n\n\n\n<p><strong><em>Was waren denn f\u00fcr dich die Highlights des Programms?<\/em><\/strong><\/p>\n\n\n\n<p>Meine Mentorin ist auf jeden Fall das gr\u00f6\u00dfte Highlight, weil sie sehr nett und hilfsbereit ist und wir uns super verstehen. Mit ihr habe ich viel \u00fcber die Promotion gesprochen, was mir bei meiner Entscheidung sehr geholfen hat. Aber auch die Workshops haben wichtige Erkenntnisse vermittelt. Und allgemein war es sch\u00f6n, mit vielen wissenschaftlich interessierten Menschen in Kontakt zu kommen.<\/p>\n\n\n\n<p><strong><em>Wie hat sich dein Blick auf die Wissenschaft ge\u00e4ndert oder auch vielleicht erweitert?<\/em><\/strong><\/p>\n\n\n\n<p>Das Programm hat mir gezeigt, dass die Promotion der richtige Weg f\u00fcr mich ist. Dar\u00fcber hinaus wurden Vor- und Nachteile einer akademischen Laufbahn nach der Promotion besprochen, was ich f\u00fcr eine langfristige Planung sehr hilfreich finde.<\/p>\n\n\n\n<p><strong><em>W\u00fcrdest du das Programm weiterempfehlen?<\/em><\/strong><\/p>\n\n\n\n<p>Ja, weil es einem bei der Entscheidung, ob man promovieren m\u00f6chte oder nicht, wirklich gut weiterhilft. Die Workshops bereiten einen ggf. auf spezielle Aspekte der Promotion vor. Au\u00dferdem lernt man viele nette und motivierte Frauen kennen.&nbsp;<\/p>\n\n\n\n<p><strong><em>Wie geht es f\u00fcr dich jetzt weiter?&nbsp;<\/em><\/strong><\/p>\n\n\n\n<p>Seit Februar promoviere ich in der Physik und bin bisher sehr gl\u00fccklich damit.<\/p>\n","protected":false},"excerpt":{"rendered":"<p>Welcher Begriff f\u00e4llt dir als Erstes ein, wenn du an das Mentoring-Programm&nbsp;perspEktIve M&nbsp;zur\u00fcckdenkst? Ich denke an \u201eIdeen\u201c. Denn durch das Mentoring-Programm bin ich vielen verschiedenen Menschen begegnet und durfte an unterschiedlichen Veranstaltungen teilnehmen, sodass ich vor allem einige neue Sichtweisen und Ideen aufschnappen konnte. Was war deine Motivation am Programm teilzunehmen? Ich wollte gerne promovieren, [&hellip;]<\/p>\n","protected":false},"author":9231,"featured_media":0,"comment_status":"open","ping_status":"open","sticky":false,"template":"","format":"standard","meta":{"footnotes":""},"categories":[5],"tags":[],"class_list":["post-95","post","type-post","status-publish","format-standard","hentry","category-perspektive-m"],"_links":{"self":[{"href":"https:\/\/blogs.uni-paderborn.de\/mentoring\/wp-json\/wp\/v2\/posts\/95","targetHints":{"allow":["GET"]}}],"collection":[{"href":"https:\/\/blogs.uni-paderborn.de\/mentoring\/wp-json\/wp\/v2\/posts"}],"about":[{"href":"https:\/\/blogs.uni-paderborn.de\/mentoring\/wp-json\/wp\/v2\/types\/post"}],"author":[{"embeddable":true,"href":"https:\/\/blogs.uni-paderborn.de\/mentoring\/wp-json\/wp\/v2\/users\/9231"}],"replies":[{"embeddable":true,"href":"https:\/\/blogs.uni-paderborn.de\/mentoring\/wp-json\/wp\/v2\/comments?post=95"}],"version-history":[{"count":9,"href":"https:\/\/blogs.uni-paderborn.de\/mentoring\/wp-json\/wp\/v2\/posts\/95\/revisions"}],"predecessor-version":[{"id":207,"href":"https:\/\/blogs.uni-paderborn.de\/mentoring\/wp-json\/wp\/v2\/posts\/95\/revisions\/207"}],"wp:attachment":[{"href":"https:\/\/blogs.uni-paderborn.de\/mentoring\/wp-json\/wp\/v2\/media?parent=95"}],"wp:term":[{"taxonomy":"category","embeddable":true,"href":"https:\/\/blogs.uni-paderborn.de\/mentoring\/wp-json\/wp\/v2\/categories?post=95"},{"taxonomy":"post_tag","embeddable":true,"href":"https:\/\/blogs.uni-paderborn.de\/mentoring\/wp-json\/wp\/v2\/tags?post=95"}],"curies":[{"name":"wp","href":"https:\/\/api.w.org\/{rel}","templated":true}]}}