{"id":11852,"date":"2020-08-26T10:14:09","date_gmt":"2020-08-26T08:14:09","guid":{"rendered":"https:\/\/blogs.uni-paderborn.de\/kw-praktikumsboerse\/?p=11852"},"modified":"2020-08-26T10:14:09","modified_gmt":"2020-08-26T08:14:09","slug":"volontaerin-m-w-d-im-bereich-kultur-in-der-zentrale-in-muenchen","status":"publish","type":"post","link":"https:\/\/blogs.uni-paderborn.de\/kw-praktikumsboerse\/2020\/08\/26\/volontaerin-m-w-d-im-bereich-kultur-in-der-zentrale-in-muenchen\/","title":{"rendered":"VOLONT\u00c4R*IN (M\/W\/D) IM BEREICH \u201eKULTUR\u201c IN DER ZENTRALE IN M\u00dcNCHEN"},"content":{"rendered":"<div class=\"twoclick_social_bookmarks_post_11852 social_share_privacy clearfix 1.6.4 locale-de_DE sprite-de_DE\"><\/div><div class=\"twoclick-js\"><script type=\"text\/javascript\">\/* <![CDATA[ *\/\njQuery(document).ready(function($){if($('.twoclick_social_bookmarks_post_11852')){$('.twoclick_social_bookmarks_post_11852').socialSharePrivacy({\"txt_help\":\"Wenn Sie diese Felder durch einen Klick aktivieren, werden Informationen an Facebook, Twitter, Flattr, Xing, t3n, LinkedIn, Pinterest oder Google eventuell ins Ausland \\u00fcbertragen und unter Umst\\u00e4nden auch dort gespeichert. N\\u00e4heres erfahren Sie durch einen Klick auf das <em>i<\\\/em>.\",\"settings_perma\":\"Dauerhaft aktivieren und Daten\\u00fcber-tragung zustimmen:\",\"info_link\":\"http:\\\/\\\/www.heise.de\\\/ct\\\/artikel\\\/2-Klicks-fuer-mehr-Datenschutz-1333879.html\",\"uri\":\"https:\\\/\\\/blogs.uni-paderborn.de\\\/kw-praktikumsboerse\\\/2020\\\/08\\\/26\\\/volontaerin-m-w-d-im-bereich-kultur-in-der-zentrale-in-muenchen\\\/\",\"post_id\":11852,\"post_title_referrer_track\":\"VOLONT%C3%84R%2AIN+%28M%2FW%2FD%29+IM+BEREICH+%E2%80%9EKULTUR%E2%80%9C+IN+DER+ZENTRALE+IN+M%C3%9CNCHEN\",\"display_infobox\":\"on\"});}});\n\/* ]]> *\/<\/script><\/div>\n<p>Mit seinen 157 Goethe-Instituten in knapp 100 L\u00e4ndern ist das Goethe-Institut das weltweit t\u00e4tige Kulturinstitut der Bundesrepublik Deutschland. Wir f\u00f6rdern die Kenntnis der deutschen Sprache im Ausland und pflegen die internationale kulturelle Zusammenarbeit. \u00dcberall wirken unsere Mitarbeiter*innen daran mit, Menschen global und nachhaltig in einem lebendigen Kultur- und Bildungsnetzwerk zu verbinden. Durch unsere Projekte f\u00f6rdern wir den interkulturellen Dialog, kulturelle Teilhabe und wir st\u00e4rken den Ausbau zivilgesellschaftlicher Strukturen.<br>Das Goethe-Institut e. V. sucht f\u00fcr die Zentrale in M\u00fcnchen f\u00fcr die Abteilung 30 \u201e<strong>Kultur<\/strong>\u201c f\u00fcr die Zeit vom&nbsp;<strong>01.10.2020<\/strong>&nbsp;(oder sp\u00e4ter) bis zum&nbsp;<strong>30.09.2021<\/strong>&nbsp;in Vollzeit (39,00 Stunden\/Woche) eine*n engagierte*n<strong>&nbsp;Volont\u00e4r*in (m\/w\/d)<\/strong><\/p>\n\n\n\n<p><a href=\"https:\/\/www.goethe.de\/de\/uun\/kar\/hoc\/fac\/kul.html\" target=\"_blank\" rel=\"noreferrer noopener\" aria-label=\"Mehr Infos hier... (\u00f6ffnet in neuem Tab)\">Mehr Infos hier&#8230;<\/a><\/p>\n","protected":false},"excerpt":{"rendered":"<p>Mit seinen 157 Goethe-Instituten in knapp 100 L\u00e4ndern ist das Goethe-Institut das weltweit t\u00e4tige Kulturinstitut der Bundesrepublik Deutschland. Wir f\u00f6rdern die Kenntnis der deutschen Sprache im Ausland und pflegen die internationale kulturelle Zusammenarbeit. \u00dcberall wirken unsere Mitarbeiter*innen daran mit, Menschen global und nachhaltig in einem lebendigen Kultur- und Bildungsnetzwerk zu verbinden. Durch unsere Projekte f\u00f6rdern [&hellip;]<\/p>\n","protected":false},"author":5011,"featured_media":0,"comment_status":"closed","ping_status":"closed","sticky":false,"template":"","format":"standard","meta":{"footnotes":""},"categories":[],"tags":[],"class_list":["post-11852","post","type-post","status-publish","format-standard","hentry"],"_links":{"self":[{"href":"https:\/\/blogs.uni-paderborn.de\/kw-praktikumsboerse\/wp-json\/wp\/v2\/posts\/11852","targetHints":{"allow":["GET"]}}],"collection":[{"href":"https:\/\/blogs.uni-paderborn.de\/kw-praktikumsboerse\/wp-json\/wp\/v2\/posts"}],"about":[{"href":"https:\/\/blogs.uni-paderborn.de\/kw-praktikumsboerse\/wp-json\/wp\/v2\/types\/post"}],"author":[{"embeddable":true,"href":"https:\/\/blogs.uni-paderborn.de\/kw-praktikumsboerse\/wp-json\/wp\/v2\/users\/5011"}],"replies":[{"embeddable":true,"href":"https:\/\/blogs.uni-paderborn.de\/kw-praktikumsboerse\/wp-json\/wp\/v2\/comments?post=11852"}],"version-history":[{"count":2,"href":"https:\/\/blogs.uni-paderborn.de\/kw-praktikumsboerse\/wp-json\/wp\/v2\/posts\/11852\/revisions"}],"predecessor-version":[{"id":11856,"href":"https:\/\/blogs.uni-paderborn.de\/kw-praktikumsboerse\/wp-json\/wp\/v2\/posts\/11852\/revisions\/11856"}],"wp:attachment":[{"href":"https:\/\/blogs.uni-paderborn.de\/kw-praktikumsboerse\/wp-json\/wp\/v2\/media?parent=11852"}],"wp:term":[{"taxonomy":"category","embeddable":true,"href":"https:\/\/blogs.uni-paderborn.de\/kw-praktikumsboerse\/wp-json\/wp\/v2\/categories?post=11852"},{"taxonomy":"post_tag","embeddable":true,"href":"https:\/\/blogs.uni-paderborn.de\/kw-praktikumsboerse\/wp-json\/wp\/v2\/tags?post=11852"}],"curies":[{"name":"wp","href":"https:\/\/api.w.org\/{rel}","templated":true}]}}