{"id":11599,"date":"2020-06-22T10:15:30","date_gmt":"2020-06-22T08:15:30","guid":{"rendered":"https:\/\/blogs.uni-paderborn.de\/kw-praktikumsboerse\/?p=11599"},"modified":"2020-06-23T06:26:57","modified_gmt":"2020-06-23T04:26:57","slug":"verkehrsclub-deutschland-e-v-volontaerin-oeffentlichkeitsarbeit-fuer-das-projekt-bundesweites-netzwerk-wohnen-und-mobilitaet-berlin","status":"publish","type":"post","link":"https:\/\/blogs.uni-paderborn.de\/kw-praktikumsboerse\/2020\/06\/22\/verkehrsclub-deutschland-e-v-volontaerin-oeffentlichkeitsarbeit-fuer-das-projekt-bundesweites-netzwerk-wohnen-und-mobilitaet-berlin\/","title":{"rendered":"Verkehrsclub Deutschland e.V.: Volont\u00e4r*in \u00d6ffentlichkeitsarbeit f\u00fcr das Projekt \u201eBundesweites Netzwerk Wohnen und Mobilit\u00e4t\u201c, Berlin"},"content":{"rendered":"<div class=\"twoclick_social_bookmarks_post_11599 social_share_privacy clearfix 1.6.4 locale-de_DE sprite-de_DE\"><\/div><div class=\"twoclick-js\"><script type=\"text\/javascript\">\/* <![CDATA[ *\/\njQuery(document).ready(function($){if($('.twoclick_social_bookmarks_post_11599')){$('.twoclick_social_bookmarks_post_11599').socialSharePrivacy({\"txt_help\":\"Wenn Sie diese Felder durch einen Klick aktivieren, werden Informationen an Facebook, Twitter, Flattr, Xing, t3n, LinkedIn, Pinterest oder Google eventuell ins Ausland \\u00fcbertragen und unter Umst\\u00e4nden auch dort gespeichert. N\\u00e4heres erfahren Sie durch einen Klick auf das <em>i<\\\/em>.\",\"settings_perma\":\"Dauerhaft aktivieren und Daten\\u00fcber-tragung zustimmen:\",\"info_link\":\"http:\\\/\\\/www.heise.de\\\/ct\\\/artikel\\\/2-Klicks-fuer-mehr-Datenschutz-1333879.html\",\"uri\":\"https:\\\/\\\/blogs.uni-paderborn.de\\\/kw-praktikumsboerse\\\/2020\\\/06\\\/22\\\/verkehrsclub-deutschland-e-v-volontaerin-oeffentlichkeitsarbeit-fuer-das-projekt-bundesweites-netzwerk-wohnen-und-mobilitaet-berlin\\\/\",\"post_id\":11599,\"post_title_referrer_track\":\"Verkehrsclub+Deutschland+e.V.%3A+Volont%C3%A4r%2Ain+%C3%96ffentlichkeitsarbeit+f%C3%BCr+das+Projekt+%E2%80%9EBundesweites+Netzwerk+Wohnen+und+Mobilit%C3%A4t%E2%80%9C%2C+Berlin\",\"display_infobox\":\"on\"});}});\n\/* ]]> *\/<\/script><\/div>\n<p>Der VCD arbeitet als unabh\u00e4ngige Organisation der Zivilgesellschaft f\u00fcr eine Mobilit\u00e4t, die unsere Gesundheit, das Klima und die Umwelt schont. Um diese Vision zu verwirklichen, wurde der VCD 1986 gegr\u00fcndet. Unser Ziel ist, dass alle Menschen \u2013 egal ob in der Stadt oder auf dem Land \u2013 flexibel und angenehm zu Fu\u00df, mit dem Rad, mit Bus und Bahn unterwegs sein k\u00f6nnen oder mit Fahr\u00adzeugen, die sich mehrere teilen. Die Mobilit\u00e4t der Menschen ist komfortabel, sicher und bezahlbar. Auf ein eigenes Auto ist niemand mehr angewiesen. Der Verkehr ist klimavertr\u00e4glich, frei von gesundheitssch\u00e4dlichen Abgasen und kostet nieman\u00adden das Leben. Um diese Ziele zu erreichen, brauchen wir die Verkehrswende. Jetzt! <br>Die VCD-Bundesgesch\u00e4ftsstelle in Berlin sucht zum 01.08.2020 eine*n  Volont\u00e4r*in im Bereich \u00d6ffentlichkeitsarbeit f\u00fcr das Projekt \u201eBundesweites Netzwerk Wohnen und Mobilit\u00e4t\u201c.<\/p>\n\n\n\n<p><a href=\"https:\/\/goodjobs.eu\/de\/jobs\/volontaer-in-oeffentlichskeitsarbeit-fuer-das-projekt-bundesweites-netzwerk-wohnen-und-mobilitaet\" target=\"_blank\" rel=\"noreferrer noopener\" aria-label=\"Mehr Infos hier... (\u00f6ffnet in neuem Tab)\">Mehr Infos hier&#8230;<\/a><\/p>\n","protected":false},"excerpt":{"rendered":"<p>Der VCD arbeitet als unabh\u00e4ngige Organisation der Zivilgesellschaft f\u00fcr eine Mobilit\u00e4t, die unsere Gesundheit, das Klima und die Umwelt schont. Um diese Vision zu verwirklichen, wurde der VCD 1986 gegr\u00fcndet. Unser Ziel ist, dass alle Menschen \u2013 egal ob in der Stadt oder auf dem Land \u2013 flexibel und angenehm zu Fu\u00df, mit dem Rad, [&hellip;]<\/p>\n","protected":false},"author":5011,"featured_media":0,"comment_status":"closed","ping_status":"closed","sticky":false,"template":"","format":"standard","meta":{"footnotes":""},"categories":[1,1657,1281],"tags":[],"class_list":["post-11599","post","type-post","status-publish","format-standard","hentry","category-allgemein","category-social-media-management","category-volontariat"],"_links":{"self":[{"href":"https:\/\/blogs.uni-paderborn.de\/kw-praktikumsboerse\/wp-json\/wp\/v2\/posts\/11599","targetHints":{"allow":["GET"]}}],"collection":[{"href":"https:\/\/blogs.uni-paderborn.de\/kw-praktikumsboerse\/wp-json\/wp\/v2\/posts"}],"about":[{"href":"https:\/\/blogs.uni-paderborn.de\/kw-praktikumsboerse\/wp-json\/wp\/v2\/types\/post"}],"author":[{"embeddable":true,"href":"https:\/\/blogs.uni-paderborn.de\/kw-praktikumsboerse\/wp-json\/wp\/v2\/users\/5011"}],"replies":[{"embeddable":true,"href":"https:\/\/blogs.uni-paderborn.de\/kw-praktikumsboerse\/wp-json\/wp\/v2\/comments?post=11599"}],"version-history":[{"count":2,"href":"https:\/\/blogs.uni-paderborn.de\/kw-praktikumsboerse\/wp-json\/wp\/v2\/posts\/11599\/revisions"}],"predecessor-version":[{"id":11611,"href":"https:\/\/blogs.uni-paderborn.de\/kw-praktikumsboerse\/wp-json\/wp\/v2\/posts\/11599\/revisions\/11611"}],"wp:attachment":[{"href":"https:\/\/blogs.uni-paderborn.de\/kw-praktikumsboerse\/wp-json\/wp\/v2\/media?parent=11599"}],"wp:term":[{"taxonomy":"category","embeddable":true,"href":"https:\/\/blogs.uni-paderborn.de\/kw-praktikumsboerse\/wp-json\/wp\/v2\/categories?post=11599"},{"taxonomy":"post_tag","embeddable":true,"href":"https:\/\/blogs.uni-paderborn.de\/kw-praktikumsboerse\/wp-json\/wp\/v2\/tags?post=11599"}],"curies":[{"name":"wp","href":"https:\/\/api.w.org\/{rel}","templated":true}]}}