{"id":749,"date":"2020-07-17T13:16:25","date_gmt":"2020-07-17T11:16:25","guid":{"rendered":"https:\/\/blogs.uni-paderborn.de\/kunstpraxis\/?p=749"},"modified":"2021-05-21T18:50:53","modified_gmt":"2021-05-21T16:50:53","slug":"experimentelle-keramik","status":"publish","type":"post","link":"https:\/\/blogs.uni-paderborn.de\/kunstpraxis\/2020\/07\/17\/experimentelle-keramik\/","title":{"rendered":"EXPERIMENTELLE KERAMIK"},"content":{"rendered":"<div class=\"twoclick_social_bookmarks_post_749 social_share_privacy clearfix 1.6.4 locale-de_DE sprite-de_DE\"><\/div><div class=\"twoclick-js\"><script type=\"text\/javascript\">\/* <![CDATA[ *\/\njQuery(document).ready(function($){if($('.twoclick_social_bookmarks_post_749')){$('.twoclick_social_bookmarks_post_749').socialSharePrivacy({\"txt_help\":\"Wenn Sie diese Felder durch einen Klick aktivieren, werden Informationen an Facebook, Twitter, Flattr, Xing, t3n, LinkedIn, Pinterest oder Google eventuell ins Ausland \\u00fcbertragen und unter Umst\\u00e4nden auch dort gespeichert. N\\u00e4heres erfahren Sie durch einen Klick auf das <em>i<\\\/em>.\",\"settings_perma\":\"Dauerhaft aktivieren und Daten\\u00fcber-tragung zustimmen:\",\"info_link\":\"http:\\\/\\\/www.heise.de\\\/ct\\\/artikel\\\/2-Klicks-fuer-mehr-Datenschutz-1333879.html\",\"uri\":\"https:\\\/\\\/blogs.uni-paderborn.de\\\/kunstpraxis\\\/2020\\\/07\\\/17\\\/experimentelle-keramik\\\/\",\"post_id\":749,\"post_title_referrer_track\":\"EXPERIMENTELLE+KERAMIK\",\"display_infobox\":\"on\"});}});\n\/* ]]> *\/<\/script><\/div>\n<figure class=\"wp-block-image\"><img loading=\"lazy\" decoding=\"async\" width=\"1386\" height=\"2079\" src=\"https:\/\/blogs.uni-paderborn.de\/kunstpraxis\/files\/2020\/12\/LianeTopp-1.png\" alt=\"\" class=\"wp-image-856\" \/><\/figure>\n\n\n\n<p style=\"font-size:10px\">Liane Topp: Glasierter Ton, ca. 40 x 20 x 20 cm.<\/p>\n\n\n\n<figure class=\"wp-block-image\"><img loading=\"lazy\" decoding=\"async\" width=\"1468\" height=\"826\" src=\"https:\/\/blogs.uni-paderborn.de\/kunstpraxis\/files\/2020\/12\/LianeTopp1-1.png\" alt=\"\" class=\"wp-image-857\" \/><\/figure>\n\n\n\n<p style=\"font-size:10px\">Liane Topp: Glasierter Ton, jeweils ca. 20 cm.<\/p>\n\n\n\n<figure class=\"wp-block-image\"><img loading=\"lazy\" decoding=\"async\" width=\"3024\" height=\"4032\" src=\"https:\/\/blogs.uni-paderborn.de\/kunstpraxis\/files\/2021\/03\/21-min.jpg\" alt=\"\" class=\"wp-image-986\" \/><\/figure>\n\n\n\n<p style=\"font-size:10px\">Sonja Triphaus: Mixed Media, Keramik, Garn, jeweils ca. 20 x 15 x 10 cm.<\/p>\n\n\n\n<figure class=\"wp-block-image\"><img loading=\"lazy\" decoding=\"async\" width=\"908\" height=\"1210\" src=\"https:\/\/blogs.uni-paderborn.de\/kunstpraxis\/files\/2021\/03\/Foto-1-komprimiert.jpg\" alt=\"\" class=\"wp-image-954\" \/><\/figure>\n\n\n\n<p style=\"font-size:10px\">Marie Warnecke: Keramikinstallation in der Natur, glasierter Ton, ca. 30 x 10 x 5 cm.<\/p>\n\n\n\n<figure class=\"wp-block-image\"><img loading=\"lazy\" decoding=\"async\" width=\"908\" height=\"1210\" src=\"https:\/\/blogs.uni-paderborn.de\/kunstpraxis\/files\/2021\/03\/Foto-2-komprimiert.jpg\" alt=\"\" class=\"wp-image-955\" \/><\/figure>\n\n\n\n<p style=\"font-size:10px\">Marie Warnecke:  Keramikinstallation in der Natur, glasierter Ton, ca. 25 x 25 x 5 cm.<\/p>\n\n\n\n<p><\/p>\n\n\n\n<p>Ton l\u00e4sst eine Vielzahl von Bearbeitungsm\u00f6glichkeiten zu und l\u00e4dt dazu ein, die Grenzen des Materials auszutesten, zu experimentieren und den Zufall in den bildnerischen Prozess einzubeziehen. Wie aktuelle Ausstellungen belegen, ist Keramik ein vielf\u00e4ltiges und reizvolles  Medium in der zeitgen\u00f6ssischen Kunst. <br>In diesem Seminar geht es um einen experimentellen Zugang zur Bildfindung in der Skulptur im Material Ton. Die k\u00fcnstlerische Arbeit wird begleitet von der Betrachtung exemplarischer Werke aus der zeitgen\u00f6ssiscehn Kunst. Ziel des Seminars ist eine Orientierung im Feld der Keramik und die Entwicklung eines individuellen und vom Material ausgehenden k\u00fcnstlerischen Gestaltungsprozesses. <br>Das Seminar spannt dar\u00fcber hinaus den Bogen zu der Frage der Relevanz der im Seminar erlebten Prozesse f\u00fcr die Gestaltung von Lehr-Lern-Situationen in der Vermittlung von Kunst.                                                 <\/p>\n\n\n\n<p style=\"text-align:right\">Lehrende: Prof. Dr. Karina Pauls<\/p>\n","protected":false},"excerpt":{"rendered":"<p>Liane Topp: Glasierter Ton, ca. 40 x 20 x 20 cm. Liane Topp: Glasierter Ton, jeweils ca. 20 cm. Sonja Triphaus: Mixed Media, Keramik, Garn, jeweils ca. 20 x 15 x 10 cm. Marie Warnecke: Keramikinstallation in der Natur, glasierter Ton, ca. 30 x 10 x 5 cm. Marie Warnecke: Keramikinstallation in der Natur, glasierter [&hellip;]<\/p>\n","protected":false},"author":8960,"featured_media":0,"comment_status":"closed","ping_status":"closed","sticky":false,"template":"","format":"standard","meta":{"footnotes":""},"categories":[1,3,33],"tags":[],"class_list":["post-749","post","type-post","status-publish","format-standard","hentry","category-allgemein","category-bildhauerei","category-sose-20"],"_links":{"self":[{"href":"https:\/\/blogs.uni-paderborn.de\/kunstpraxis\/wp-json\/wp\/v2\/posts\/749","targetHints":{"allow":["GET"]}}],"collection":[{"href":"https:\/\/blogs.uni-paderborn.de\/kunstpraxis\/wp-json\/wp\/v2\/posts"}],"about":[{"href":"https:\/\/blogs.uni-paderborn.de\/kunstpraxis\/wp-json\/wp\/v2\/types\/post"}],"author":[{"embeddable":true,"href":"https:\/\/blogs.uni-paderborn.de\/kunstpraxis\/wp-json\/wp\/v2\/users\/8960"}],"replies":[{"embeddable":true,"href":"https:\/\/blogs.uni-paderborn.de\/kunstpraxis\/wp-json\/wp\/v2\/comments?post=749"}],"version-history":[{"count":18,"href":"https:\/\/blogs.uni-paderborn.de\/kunstpraxis\/wp-json\/wp\/v2\/posts\/749\/revisions"}],"predecessor-version":[{"id":1290,"href":"https:\/\/blogs.uni-paderborn.de\/kunstpraxis\/wp-json\/wp\/v2\/posts\/749\/revisions\/1290"}],"wp:attachment":[{"href":"https:\/\/blogs.uni-paderborn.de\/kunstpraxis\/wp-json\/wp\/v2\/media?parent=749"}],"wp:term":[{"taxonomy":"category","embeddable":true,"href":"https:\/\/blogs.uni-paderborn.de\/kunstpraxis\/wp-json\/wp\/v2\/categories?post=749"},{"taxonomy":"post_tag","embeddable":true,"href":"https:\/\/blogs.uni-paderborn.de\/kunstpraxis\/wp-json\/wp\/v2\/tags?post=749"}],"curies":[{"name":"wp","href":"https:\/\/api.w.org\/{rel}","templated":true}]}}