{"id":698,"date":"2020-11-17T13:33:37","date_gmt":"2020-11-17T12:33:37","guid":{"rendered":"https:\/\/blogs.uni-paderborn.de\/kunstpraxis\/?p=698"},"modified":"2021-06-21T20:02:50","modified_gmt":"2021-06-21T18:02:50","slug":"masterarbeit-2020","status":"publish","type":"post","link":"https:\/\/blogs.uni-paderborn.de\/kunstpraxis\/2020\/11\/17\/masterarbeit-2020\/","title":{"rendered":"MASTERARBEIT 2020"},"content":{"rendered":"<div class=\"twoclick_social_bookmarks_post_698 social_share_privacy clearfix 1.6.4 locale-de_DE sprite-de_DE\"><\/div><div class=\"twoclick-js\"><script type=\"text\/javascript\">\/* <![CDATA[ *\/\njQuery(document).ready(function($){if($('.twoclick_social_bookmarks_post_698')){$('.twoclick_social_bookmarks_post_698').socialSharePrivacy({\"txt_help\":\"Wenn Sie diese Felder durch einen Klick aktivieren, werden Informationen an Facebook, Twitter, Flattr, Xing, t3n, LinkedIn, Pinterest oder Google eventuell ins Ausland \\u00fcbertragen und unter Umst\\u00e4nden auch dort gespeichert. N\\u00e4heres erfahren Sie durch einen Klick auf das <em>i<\\\/em>.\",\"settings_perma\":\"Dauerhaft aktivieren und Daten\\u00fcber-tragung zustimmen:\",\"info_link\":\"http:\\\/\\\/www.heise.de\\\/ct\\\/artikel\\\/2-Klicks-fuer-mehr-Datenschutz-1333879.html\",\"uri\":\"https:\\\/\\\/blogs.uni-paderborn.de\\\/kunstpraxis\\\/2020\\\/11\\\/17\\\/masterarbeit-2020\\\/\",\"post_id\":698,\"post_title_referrer_track\":\"MASTERARBEIT+2020\",\"display_infobox\":\"on\"});}});\n\/* ]]> *\/<\/script><\/div>\n<figure class=\"wp-block-image\"><img loading=\"lazy\" decoding=\"async\" width=\"3504\" height=\"2304\" src=\"https:\/\/blogs.uni-paderborn.de\/kunstpraxis\/files\/2020\/11\/IMG_9334c-1.jpg\" alt=\"\" class=\"wp-image-719\" \/><\/figure>\n\n\n\n<p style=\"font-size:10px\">Svenja Langer: Chrome-Crack. Acrylfarbe auf Leinwand. 75 x 115 cm.<\/p>\n\n\n\n<figure class=\"wp-block-image\"><img loading=\"lazy\" decoding=\"async\" width=\"3496\" height=\"2220\" src=\"https:\/\/blogs.uni-paderborn.de\/kunstpraxis\/files\/2020\/11\/IMG_0569b-min.jpg\" alt=\"\" class=\"wp-image-699\" \/><\/figure>\n\n\n\n<p style=\"font-size:10px\">Svenja Langer: Agavenblattrisse. Holzschnitt und Hochdruck verschiedenen Formats.<\/p>\n\n\n\n<figure class=\"wp-block-image\"><img loading=\"lazy\" decoding=\"async\" width=\"3320\" height=\"2084\" src=\"https:\/\/blogs.uni-paderborn.de\/kunstpraxis\/files\/2020\/11\/IMG_9251c-min-1.jpg\" alt=\"\" class=\"wp-image-720\" \/><\/figure>\n\n\n\n<p style=\"font-size:10px\">Svenja Langer: Metal-Kutten. Mit Patches (Hochdruck) ben\u00e4hte Stoff- und Lederjacken.<\/p>\n\n\n\n<figure class=\"wp-block-image\"><img loading=\"lazy\" decoding=\"async\" width=\"3504\" height=\"2336\" src=\"https:\/\/blogs.uni-paderborn.de\/kunstpraxis\/files\/2020\/11\/IMG_1971b-2.jpg\" alt=\"\" class=\"wp-image-721\" \/><\/figure>\n\n\n\n<p style=\"font-size:10px\">Svenja Langer: Gelehrtenstein #12. Schneiden in Sand. Gipsguss, glasierter Tonsockel. 55 x 21 x 30 cm.<\/p>\n\n\n\n<figure class=\"wp-block-image\"><img loading=\"lazy\" decoding=\"async\" width=\"3504\" height=\"2336\" src=\"https:\/\/blogs.uni-paderborn.de\/kunstpraxis\/files\/2020\/11\/IMG_6324b-min-1.jpg\" alt=\"\" class=\"wp-image-722\" \/><\/figure>\n\n\n\n<p style=\"font-size:10px\">Svenja Langer: Sammlung \/ Archiv. Spuren aus dem Arbeitsprozess. <\/p>\n\n\n\n<p><\/p>\n\n\n\n<p>Kunstpraktische Masterarbeit von Svenja Langer<\/p>\n\n\n\n<p>Diese kunstpraktische Masterarbeit befasst sich mit dem Thema \u201aSpuren\u2018 und befragt  insbesondere den Untersuchungsgegenstand des \u201aRisses\u2018 mit medien\u00fcbergreifenden Mitteln aus unterschiedlichen Perspektiven heraus. Der Beitrag zeigt eine repr\u00e4sentative Auswahl der entstandenen k\u00fcnstlerisch-praktischen Arbeit. Es stehen zwei Untersuchungsebenen im Vordergrund: zum einen die k\u00fcnstlerische Auseinandersetzung mit der gefundenen Spur als Motivspender f\u00fcr k\u00fcnstlerische Transformationsprozesse und zum anderen die Auseinandersetzung mit der selbst erzeugten Spur durch plastische Handlungsformen wie \u201aSchneiden\u2018  und \u201aRei\u00dfen\u2018. Malereien, gro\u00dfformatige Holzschnitte und -drucke und eine textile Arbeit in Form eines Arrangements vier entworfener \u201aMetalkutten\u2018 basieren auf dem Motiv von Rissen in Agavenbl\u00e4ttern und verbinden Kunst mit der \u00c4sthetik und Kultur des Heavy Metals. Sandguss-Objekte aus Gips hingegen materialisieren die Agitation des \u201aSchneidens\u2018 in das Material \u201aSand\u2018  und thematisieren dabei die Frage nach der Negativform von Schnitten und Rissen, indem sie den unsichtbaren Luftraum zu einem Objekt mit autonomer, plastischer Qualit\u00e4t transformieren. <\/p>\n","protected":false},"excerpt":{"rendered":"<p>Svenja Langer: Chrome-Crack. Acrylfarbe auf Leinwand. 75 x 115 cm. Svenja Langer: Agavenblattrisse. Holzschnitt und Hochdruck verschiedenen Formats. Svenja Langer: Metal-Kutten. Mit Patches (Hochdruck) ben\u00e4hte Stoff- und Lederjacken. Svenja Langer: Gelehrtenstein #12. Schneiden in Sand. Gipsguss, glasierter Tonsockel. 55 x 21 x 30 cm. Svenja Langer: Sammlung \/ Archiv. Spuren aus dem Arbeitsprozess. Kunstpraktische Masterarbeit [&hellip;]<\/p>\n","protected":false},"author":8960,"featured_media":0,"comment_status":"closed","ping_status":"closed","sticky":false,"template":"","format":"standard","meta":{"footnotes":""},"categories":[28,1,3,9,22,33],"tags":[],"class_list":["post-698","post","type-post","status-publish","format-standard","hentry","category-abschlussarbeiten","category-allgemein","category-bildhauerei","category-malerei","category-neue-medien","category-sose-20"],"_links":{"self":[{"href":"https:\/\/blogs.uni-paderborn.de\/kunstpraxis\/wp-json\/wp\/v2\/posts\/698","targetHints":{"allow":["GET"]}}],"collection":[{"href":"https:\/\/blogs.uni-paderborn.de\/kunstpraxis\/wp-json\/wp\/v2\/posts"}],"about":[{"href":"https:\/\/blogs.uni-paderborn.de\/kunstpraxis\/wp-json\/wp\/v2\/types\/post"}],"author":[{"embeddable":true,"href":"https:\/\/blogs.uni-paderborn.de\/kunstpraxis\/wp-json\/wp\/v2\/users\/8960"}],"replies":[{"embeddable":true,"href":"https:\/\/blogs.uni-paderborn.de\/kunstpraxis\/wp-json\/wp\/v2\/comments?post=698"}],"version-history":[{"count":9,"href":"https:\/\/blogs.uni-paderborn.de\/kunstpraxis\/wp-json\/wp\/v2\/posts\/698\/revisions"}],"predecessor-version":[{"id":1318,"href":"https:\/\/blogs.uni-paderborn.de\/kunstpraxis\/wp-json\/wp\/v2\/posts\/698\/revisions\/1318"}],"wp:attachment":[{"href":"https:\/\/blogs.uni-paderborn.de\/kunstpraxis\/wp-json\/wp\/v2\/media?parent=698"}],"wp:term":[{"taxonomy":"category","embeddable":true,"href":"https:\/\/blogs.uni-paderborn.de\/kunstpraxis\/wp-json\/wp\/v2\/categories?post=698"},{"taxonomy":"post_tag","embeddable":true,"href":"https:\/\/blogs.uni-paderborn.de\/kunstpraxis\/wp-json\/wp\/v2\/tags?post=698"}],"curies":[{"name":"wp","href":"https:\/\/api.w.org\/{rel}","templated":true}]}}