{"id":2921,"date":"2026-03-01T12:40:47","date_gmt":"2026-03-01T11:40:47","guid":{"rendered":"https:\/\/blogs.uni-paderborn.de\/kunstpraxis\/?p=2921"},"modified":"2026-03-01T12:40:47","modified_gmt":"2026-03-01T11:40:47","slug":"einfuehrung-in-die-malerei-atelierstudien-zum-thema-nebel","status":"publish","type":"post","link":"https:\/\/blogs.uni-paderborn.de\/kunstpraxis\/2026\/03\/01\/einfuehrung-in-die-malerei-atelierstudien-zum-thema-nebel\/","title":{"rendered":"Einf\u00fchrung in die Malerei &#8211; Atelierstudien zum Thema\u00a0Nebel"},"content":{"rendered":"<div class=\"twoclick_social_bookmarks_post_2921 social_share_privacy clearfix 1.6.4 locale-de_DE sprite-de_DE\"><\/div><div class=\"twoclick-js\"><script type=\"text\/javascript\">\/* <![CDATA[ *\/\njQuery(document).ready(function($){if($('.twoclick_social_bookmarks_post_2921')){$('.twoclick_social_bookmarks_post_2921').socialSharePrivacy({\"txt_help\":\"Wenn Sie diese Felder durch einen Klick aktivieren, werden Informationen an Facebook, Twitter, Flattr, Xing, t3n, LinkedIn, Pinterest oder Google eventuell ins Ausland \\u00fcbertragen und unter Umst\\u00e4nden auch dort gespeichert. N\\u00e4heres erfahren Sie durch einen Klick auf das <em>i<\\\/em>.\",\"settings_perma\":\"Dauerhaft aktivieren und Daten\\u00fcber-tragung zustimmen:\",\"info_link\":\"http:\\\/\\\/www.heise.de\\\/ct\\\/artikel\\\/2-Klicks-fuer-mehr-Datenschutz-1333879.html\",\"uri\":\"https:\\\/\\\/blogs.uni-paderborn.de\\\/kunstpraxis\\\/2026\\\/03\\\/01\\\/einfuehrung-in-die-malerei-atelierstudien-zum-thema-nebel\\\/\",\"post_id\":2921,\"post_title_referrer_track\":\"Einf%C3%BChrung+in+die+Malerei+%26%238211%3B+Atelierstudien+zum+Thema%C2%A0Nebel\",\"display_infobox\":\"on\"});}});\n\/* ]]> *\/<\/script><\/div>\n<figure class=\"wp-block-gallery has-nested-images columns-default is-cropped wp-block-gallery-1 is-layout-flex wp-block-gallery-is-layout-flex\">\n<figure class=\"wp-block-image size-large\"><img loading=\"lazy\" decoding=\"async\" width=\"1024\" height=\"849\" data-id=\"2922\" src=\"https:\/\/blogs.uni-paderborn.de\/kunstpraxis\/files\/2026\/03\/Anna-Marie-Merk100x120-small-1024x849.jpg\" alt=\"\" class=\"wp-image-2922\" srcset=\"https:\/\/blogs.uni-paderborn.de\/kunstpraxis\/files\/2026\/03\/Anna-Marie-Merk100x120-small-1024x849.jpg 1024w, https:\/\/blogs.uni-paderborn.de\/kunstpraxis\/files\/2026\/03\/Anna-Marie-Merk100x120-small-300x249.jpg 300w, https:\/\/blogs.uni-paderborn.de\/kunstpraxis\/files\/2026\/03\/Anna-Marie-Merk100x120-small-768x637.jpg 768w, https:\/\/blogs.uni-paderborn.de\/kunstpraxis\/files\/2026\/03\/Anna-Marie-Merk100x120-small-1536x1274.jpg 1536w, https:\/\/blogs.uni-paderborn.de\/kunstpraxis\/files\/2026\/03\/Anna-Marie-Merk100x120-small-624x518.jpg 624w, https:\/\/blogs.uni-paderborn.de\/kunstpraxis\/files\/2026\/03\/Anna-Marie-Merk100x120-small.jpg 1772w\" sizes=\"auto, (max-width: 1024px) 100vw, 1024px\" \/><\/figure>\n<\/figure>\n\n\n\n<p style=\"font-size:10px\">Anna-Marie Merk: o.T., Acryl auf LW, 100 x 120 cm<\/p>\n\n\n\n<figure class=\"wp-block-gallery has-nested-images columns-default is-cropped wp-block-gallery-2 is-layout-flex wp-block-gallery-is-layout-flex\">\n<figure class=\"wp-block-image size-large\"><img loading=\"lazy\" decoding=\"async\" width=\"817\" height=\"1024\" data-id=\"2923\" src=\"https:\/\/blogs.uni-paderborn.de\/kunstpraxis\/files\/2026\/03\/Dragana-Bajic-50x40-small-817x1024.jpg\" alt=\"\" class=\"wp-image-2923\" srcset=\"https:\/\/blogs.uni-paderborn.de\/kunstpraxis\/files\/2026\/03\/Dragana-Bajic-50x40-small-817x1024.jpg 817w, https:\/\/blogs.uni-paderborn.de\/kunstpraxis\/files\/2026\/03\/Dragana-Bajic-50x40-small-239x300.jpg 239w, https:\/\/blogs.uni-paderborn.de\/kunstpraxis\/files\/2026\/03\/Dragana-Bajic-50x40-small-768x962.jpg 768w, https:\/\/blogs.uni-paderborn.de\/kunstpraxis\/files\/2026\/03\/Dragana-Bajic-50x40-small-1226x1536.jpg 1226w, https:\/\/blogs.uni-paderborn.de\/kunstpraxis\/files\/2026\/03\/Dragana-Bajic-50x40-small-624x782.jpg 624w, https:\/\/blogs.uni-paderborn.de\/kunstpraxis\/files\/2026\/03\/Dragana-Bajic-50x40-small.jpg 1414w\" sizes=\"auto, (max-width: 817px) 100vw, 817px\" \/><\/figure>\n<\/figure>\n\n\n\n<p style=\"font-size:10px\">Dragana Bajic: o.T., Acryl auf LW, 50 x 40 cm<\/p>\n\n\n\n<figure class=\"wp-block-gallery has-nested-images columns-default is-cropped wp-block-gallery-3 is-layout-flex wp-block-gallery-is-layout-flex\">\n<figure class=\"wp-block-image size-large\"><img loading=\"lazy\" decoding=\"async\" width=\"1024\" height=\"823\" data-id=\"2924\" src=\"https:\/\/blogs.uni-paderborn.de\/kunstpraxis\/files\/2026\/03\/Evelina-Kireeva-40x50-small-1024x823.jpg\" alt=\"\" class=\"wp-image-2924\" srcset=\"https:\/\/blogs.uni-paderborn.de\/kunstpraxis\/files\/2026\/03\/Evelina-Kireeva-40x50-small-1024x823.jpg 1024w, https:\/\/blogs.uni-paderborn.de\/kunstpraxis\/files\/2026\/03\/Evelina-Kireeva-40x50-small-300x241.jpg 300w, https:\/\/blogs.uni-paderborn.de\/kunstpraxis\/files\/2026\/03\/Evelina-Kireeva-40x50-small-768x617.jpg 768w, https:\/\/blogs.uni-paderborn.de\/kunstpraxis\/files\/2026\/03\/Evelina-Kireeva-40x50-small-1536x1234.jpg 1536w, https:\/\/blogs.uni-paderborn.de\/kunstpraxis\/files\/2026\/03\/Evelina-Kireeva-40x50-small-624x501.jpg 624w, https:\/\/blogs.uni-paderborn.de\/kunstpraxis\/files\/2026\/03\/Evelina-Kireeva-40x50-small.jpg 1772w\" sizes=\"auto, (max-width: 1024px) 100vw, 1024px\" \/><\/figure>\n<\/figure>\n\n\n\n<p style=\"font-size:10px\">Evelina Kireeva: Traumbad, Acryl auf LW, 40 x 50 cm<\/p>\n\n\n\n<figure class=\"wp-block-gallery has-nested-images columns-default is-cropped wp-block-gallery-4 is-layout-flex wp-block-gallery-is-layout-flex\">\n<figure class=\"wp-block-image size-large\"><img loading=\"lazy\" decoding=\"async\" width=\"1024\" height=\"730\" data-id=\"2925\" src=\"https:\/\/blogs.uni-paderborn.de\/kunstpraxis\/files\/2026\/03\/Giulia-Mercedes-Vogel-50x70-small-1024x730.jpg\" alt=\"\" class=\"wp-image-2925\" srcset=\"https:\/\/blogs.uni-paderborn.de\/kunstpraxis\/files\/2026\/03\/Giulia-Mercedes-Vogel-50x70-small-1024x730.jpg 1024w, https:\/\/blogs.uni-paderborn.de\/kunstpraxis\/files\/2026\/03\/Giulia-Mercedes-Vogel-50x70-small-300x214.jpg 300w, https:\/\/blogs.uni-paderborn.de\/kunstpraxis\/files\/2026\/03\/Giulia-Mercedes-Vogel-50x70-small-768x548.jpg 768w, https:\/\/blogs.uni-paderborn.de\/kunstpraxis\/files\/2026\/03\/Giulia-Mercedes-Vogel-50x70-small-1536x1096.jpg 1536w, https:\/\/blogs.uni-paderborn.de\/kunstpraxis\/files\/2026\/03\/Giulia-Mercedes-Vogel-50x70-small-624x445.jpg 624w, https:\/\/blogs.uni-paderborn.de\/kunstpraxis\/files\/2026\/03\/Giulia-Mercedes-Vogel-50x70-small.jpg 1772w\" sizes=\"auto, (max-width: 1024px) 100vw, 1024px\" \/><\/figure>\n<\/figure>\n\n\n\n<p style=\"font-size:10px\">Giulia Mercedes Vogel: o.T., Acryl auf LW, 50 x 70 cm<\/p>\n\n\n\n<p>Nebel \u2013 dieses atmosph\u00e4rische Naturph\u00e4nomen, das Sichtbares verh\u00fcllt und Grenzen aufl\u00f6st \u2013 hat K\u00fcnstlerinnen und K\u00fcnstler seit Jahrhunderten fasziniert. In der Malerei steht Nebel nicht nur f\u00fcr meteorologische Gegebenheiten, sondern wirkt als Symboltr\u00e4ger f\u00fcr das Unbestimmte, das R\u00e4tselhafte und das Verg\u00e4ngliche. Seine \u00e4sthetische Qualit\u00e4t liegt in der F\u00e4higkeit, Formen aufzul\u00f6sen, Horizonte verschwinden zu lassen und ein Gef\u00fchl von Tiefe und Ungewissheit zu erzeugen. Nebel verschiebt die Perspektive, reduziert Kontraste und schafft eine Atmosph\u00e4re des Schwebezustands \u2013 zwischen Sichtbarkeit und Unsichtbarkeit, Pr\u00e4senz und Abwesenheit.<\/p>\n\n\n\n<p>Im \u00fcbertragenen Sinne wurde Nebel in der Kunst oft als Ausdruck innerer Zust\u00e4nde verstanden: Melancholie, Sehnsucht oder existenzielle Unsicherheit. Besonders in der Romantik nutzten Maler wie Caspar David Friedrich den Nebel, um eine metaphysische Dimension zu evozieren \u2013 das Sichtbare als Schleier \u00fcber dem Unsichtbaren. Der Blick in die nebelverhangene Ferne wird dabei zum Symbol f\u00fcr die Suche nach Sinn, nach Transzendenz, nach dem, was jenseits des Erfassbaren liegt.<\/p>\n\n\n\n<p>Im Laufe der Kunstgeschichte wandelte sich die Bedeutung des Nebels. W\u00e4hrend er in der Romantik f\u00fcr das Erhabene, das Mystische stand, wurde er in der Moderne zunehmend zum Zeichen von Entfremdung oder Orientierungslosigkeit. In impressionistischen Werken \u2013 etwa bei Monet \u2013 erscheint Nebel als Teil einer neuen Sehweise: Licht, Luft und Atmosph\u00e4re l\u00f6sen die festen Konturen der Welt auf und machen die Wahrnehmung selbst zum Thema. Nebel wird hier zum Instrument der Abstraktion, des Spiels mit Licht und Farbe, aber auch zur Metapher f\u00fcr das Ungewisse im modernen Leben.<\/p>\n\n\n\n<p>Heute er\u00f6ffnet das Thema \u201eNebel\u201c vielf\u00e4ltige k\u00fcnstlerische Perspektiven. Es l\u00e4dt dazu ein, mit \u00dcberg\u00e4ngen, Aufl\u00f6sung und Mehrdeutigkeit zu arbeiten \u2013 sowohl technisch als auch inhaltlich. Nebel kann als Schutz dienen oder als Barriere, als Ruhepol oder als Ausdruck von Verwirrung. Er fordert dazu auf, das Unscharfe, das Nicht-Festgelegte zuzulassen \u2013 in der Kunst wie im Denken.<\/p>\n\n\n\n<p>Im Atelier wollen wir diesen Aspekten nachgehen: Wie l\u00e4sst sich Nebel malerisch darstellen? Welche Emotionen und Deutungen kann er hervorrufen? Und wie ver\u00e4ndert sich unsere Sicht auf die Welt, wenn das Klare dem Diffusen weicht? Das Motiv des Nebels bietet eine spannende M\u00f6glichkeit, \u00fcber Sichtbarkeit, Wahrnehmung und Bedeutung in der Malerei nachzudenken \u2013 und gleichzeitig \u00fcber das, was sich unserem Blick entzieht.<\/p>\n\n\n\n<p class=\"has-text-align-right\">Lehrender: Prof. Max Schulze<\/p>\n\n\n\n<figure class=\"wp-block-image size-large\"><img loading=\"lazy\" decoding=\"async\" width=\"855\" height=\"1024\" src=\"https:\/\/blogs.uni-paderborn.de\/kunstpraxis\/files\/2026\/03\/Mahruza-Javadzade-60x50-small-855x1024.jpg\" alt=\"\" class=\"wp-image-2926\" srcset=\"https:\/\/blogs.uni-paderborn.de\/kunstpraxis\/files\/2026\/03\/Mahruza-Javadzade-60x50-small-855x1024.jpg 855w, https:\/\/blogs.uni-paderborn.de\/kunstpraxis\/files\/2026\/03\/Mahruza-Javadzade-60x50-small-251x300.jpg 251w, https:\/\/blogs.uni-paderborn.de\/kunstpraxis\/files\/2026\/03\/Mahruza-Javadzade-60x50-small-768x920.jpg 768w, https:\/\/blogs.uni-paderborn.de\/kunstpraxis\/files\/2026\/03\/Mahruza-Javadzade-60x50-small-1283x1536.jpg 1283w, https:\/\/blogs.uni-paderborn.de\/kunstpraxis\/files\/2026\/03\/Mahruza-Javadzade-60x50-small-624x747.jpg 624w, https:\/\/blogs.uni-paderborn.de\/kunstpraxis\/files\/2026\/03\/Mahruza-Javadzade-60x50-small.jpg 1480w\" sizes=\"auto, (max-width: 855px) 100vw, 855px\" \/><\/figure>\n\n\n\n<p style=\"font-size:10px\">Mahruza Javadzade: Nebel, \u00d6l auf LW, 60 x 50 cm<\/p>\n\n\n\n<figure class=\"wp-block-image size-large\"><img loading=\"lazy\" decoding=\"async\" width=\"1024\" height=\"736\" src=\"https:\/\/blogs.uni-paderborn.de\/kunstpraxis\/files\/2026\/03\/Marie-Isabell-Lauko\u0308tter-50x70-small-1024x736.jpg\" alt=\"\" class=\"wp-image-2927\" srcset=\"https:\/\/blogs.uni-paderborn.de\/kunstpraxis\/files\/2026\/03\/Marie-Isabell-Lauko\u0308tter-50x70-small-1024x736.jpg 1024w, https:\/\/blogs.uni-paderborn.de\/kunstpraxis\/files\/2026\/03\/Marie-Isabell-Lauko\u0308tter-50x70-small-300x216.jpg 300w, https:\/\/blogs.uni-paderborn.de\/kunstpraxis\/files\/2026\/03\/Marie-Isabell-Lauko\u0308tter-50x70-small-768x552.jpg 768w, https:\/\/blogs.uni-paderborn.de\/kunstpraxis\/files\/2026\/03\/Marie-Isabell-Lauko\u0308tter-50x70-small-1536x1104.jpg 1536w, https:\/\/blogs.uni-paderborn.de\/kunstpraxis\/files\/2026\/03\/Marie-Isabell-Lauko\u0308tter-50x70-small-624x449.jpg 624w, https:\/\/blogs.uni-paderborn.de\/kunstpraxis\/files\/2026\/03\/Marie-Isabell-Lauko\u0308tter-50x70-small.jpg 1772w\" sizes=\"auto, (max-width: 1024px) 100vw, 1024px\" \/><\/figure>\n\n\n\n<p style=\"font-size:10px\">Marie Lauk\u00f6tter: Siedlung im Nebel, Acryl auf LW, 50 x 70 cm<\/p>\n\n\n\n<figure class=\"wp-block-image size-large\"><img loading=\"lazy\" decoding=\"async\" width=\"768\" height=\"1024\" src=\"https:\/\/blogs.uni-paderborn.de\/kunstpraxis\/files\/2026\/03\/Marlene-Freese-80x60-small-768x1024.jpg\" alt=\"\" class=\"wp-image-2929\" srcset=\"https:\/\/blogs.uni-paderborn.de\/kunstpraxis\/files\/2026\/03\/Marlene-Freese-80x60-small-768x1024.jpg 768w, https:\/\/blogs.uni-paderborn.de\/kunstpraxis\/files\/2026\/03\/Marlene-Freese-80x60-small-225x300.jpg 225w, https:\/\/blogs.uni-paderborn.de\/kunstpraxis\/files\/2026\/03\/Marlene-Freese-80x60-small-1152x1536.jpg 1152w, https:\/\/blogs.uni-paderborn.de\/kunstpraxis\/files\/2026\/03\/Marlene-Freese-80x60-small-624x832.jpg 624w, https:\/\/blogs.uni-paderborn.de\/kunstpraxis\/files\/2026\/03\/Marlene-Freese-80x60-small.jpg 1329w\" sizes=\"auto, (max-width: 768px) 100vw, 768px\" \/><\/figure>\n\n\n\n<p style=\"font-size:10px\">Marlene Freese: o.T., Acryl auf LW, 80 x 60 cm<\/p>\n\n\n\n<p><\/p>\n","protected":false},"excerpt":{"rendered":"<p>Anna-Marie Merk: o.T., Acryl auf LW, 100 x 120 cm Dragana Bajic: o.T., Acryl auf LW, 50 x 40 cm Evelina Kireeva: Traumbad, Acryl auf LW, 40 x 50 cm Giulia Mercedes Vogel: o.T., Acryl auf LW, 50 x 70 cm Nebel \u2013 dieses atmosph\u00e4rische Naturph\u00e4nomen, das Sichtbares verh\u00fcllt und Grenzen aufl\u00f6st \u2013 hat K\u00fcnstlerinnen [&hellip;]<\/p>\n","protected":false},"author":8893,"featured_media":0,"comment_status":"closed","ping_status":"closed","sticky":false,"template":"","format":"standard","meta":{"footnotes":""},"categories":[1,9,62],"tags":[61],"class_list":["post-2921","post","type-post","status-publish","format-standard","hentry","category-allgemein","category-malerei","category-wise-25-26","tag-wise-25-26"],"_links":{"self":[{"href":"https:\/\/blogs.uni-paderborn.de\/kunstpraxis\/wp-json\/wp\/v2\/posts\/2921","targetHints":{"allow":["GET"]}}],"collection":[{"href":"https:\/\/blogs.uni-paderborn.de\/kunstpraxis\/wp-json\/wp\/v2\/posts"}],"about":[{"href":"https:\/\/blogs.uni-paderborn.de\/kunstpraxis\/wp-json\/wp\/v2\/types\/post"}],"author":[{"embeddable":true,"href":"https:\/\/blogs.uni-paderborn.de\/kunstpraxis\/wp-json\/wp\/v2\/users\/8893"}],"replies":[{"embeddable":true,"href":"https:\/\/blogs.uni-paderborn.de\/kunstpraxis\/wp-json\/wp\/v2\/comments?post=2921"}],"version-history":[{"count":1,"href":"https:\/\/blogs.uni-paderborn.de\/kunstpraxis\/wp-json\/wp\/v2\/posts\/2921\/revisions"}],"predecessor-version":[{"id":2930,"href":"https:\/\/blogs.uni-paderborn.de\/kunstpraxis\/wp-json\/wp\/v2\/posts\/2921\/revisions\/2930"}],"wp:attachment":[{"href":"https:\/\/blogs.uni-paderborn.de\/kunstpraxis\/wp-json\/wp\/v2\/media?parent=2921"}],"wp:term":[{"taxonomy":"category","embeddable":true,"href":"https:\/\/blogs.uni-paderborn.de\/kunstpraxis\/wp-json\/wp\/v2\/categories?post=2921"},{"taxonomy":"post_tag","embeddable":true,"href":"https:\/\/blogs.uni-paderborn.de\/kunstpraxis\/wp-json\/wp\/v2\/tags?post=2921"}],"curies":[{"name":"wp","href":"https:\/\/api.w.org\/{rel}","templated":true}]}}