{"id":2883,"date":"2025-09-23T14:17:22","date_gmt":"2025-09-23T12:17:22","guid":{"rendered":"https:\/\/blogs.uni-paderborn.de\/kunstpraxis\/?p=2883"},"modified":"2025-09-25T11:11:33","modified_gmt":"2025-09-25T09:11:33","slug":"camouflage-kunst-der-tarnung","status":"publish","type":"post","link":"https:\/\/blogs.uni-paderborn.de\/kunstpraxis\/2025\/09\/23\/camouflage-kunst-der-tarnung\/","title":{"rendered":"Camouflage. Kunst der Tarnung"},"content":{"rendered":"<div class=\"twoclick_social_bookmarks_post_2883 social_share_privacy clearfix 1.6.4 locale-de_DE sprite-de_DE\"><\/div><div class=\"twoclick-js\"><script type=\"text\/javascript\">\/* <![CDATA[ *\/\njQuery(document).ready(function($){if($('.twoclick_social_bookmarks_post_2883')){$('.twoclick_social_bookmarks_post_2883').socialSharePrivacy({\"txt_help\":\"Wenn Sie diese Felder durch einen Klick aktivieren, werden Informationen an Facebook, Twitter, Flattr, Xing, t3n, LinkedIn, Pinterest oder Google eventuell ins Ausland \\u00fcbertragen und unter Umst\\u00e4nden auch dort gespeichert. N\\u00e4heres erfahren Sie durch einen Klick auf das <em>i<\\\/em>.\",\"settings_perma\":\"Dauerhaft aktivieren und Daten\\u00fcber-tragung zustimmen:\",\"info_link\":\"http:\\\/\\\/www.heise.de\\\/ct\\\/artikel\\\/2-Klicks-fuer-mehr-Datenschutz-1333879.html\",\"uri\":\"https:\\\/\\\/blogs.uni-paderborn.de\\\/kunstpraxis\\\/2025\\\/09\\\/23\\\/camouflage-kunst-der-tarnung\\\/\",\"post_id\":2883,\"post_title_referrer_track\":\"Camouflage.+Kunst+der+Tarnung\",\"display_infobox\":\"on\"});}});\n\/* ]]> *\/<\/script><\/div>\n<figure class=\"wp-block-gallery has-nested-images columns-default is-cropped wp-block-gallery-1 is-layout-flex wp-block-gallery-is-layout-flex\">\n<figure class=\"wp-block-image size-large\"><img loading=\"lazy\" decoding=\"async\" width=\"1024\" height=\"889\" data-id=\"2884\" src=\"https:\/\/blogs.uni-paderborn.de\/kunstpraxis\/files\/2025\/09\/Hans-Bru\u0308gger-130x150-1-1024x889.jpg\" alt=\"\" class=\"wp-image-2884\" srcset=\"https:\/\/blogs.uni-paderborn.de\/kunstpraxis\/files\/2025\/09\/Hans-Bru\u0308gger-130x150-1-1024x889.jpg 1024w, https:\/\/blogs.uni-paderborn.de\/kunstpraxis\/files\/2025\/09\/Hans-Bru\u0308gger-130x150-1-300x260.jpg 300w, https:\/\/blogs.uni-paderborn.de\/kunstpraxis\/files\/2025\/09\/Hans-Bru\u0308gger-130x150-1-768x667.jpg 768w, https:\/\/blogs.uni-paderborn.de\/kunstpraxis\/files\/2025\/09\/Hans-Bru\u0308gger-130x150-1-1536x1333.jpg 1536w, https:\/\/blogs.uni-paderborn.de\/kunstpraxis\/files\/2025\/09\/Hans-Bru\u0308gger-130x150-1-624x542.jpg 624w, https:\/\/blogs.uni-paderborn.de\/kunstpraxis\/files\/2025\/09\/Hans-Bru\u0308gger-130x150-1.jpg 1600w\" sizes=\"auto, (max-width: 1024px) 100vw, 1024px\" \/><\/figure>\n<\/figure>\n\n\n\n<p style=\"font-size:10px\">Hans Br\u00fcgger: o.T., Arcyl und Spray auf LW, 130 x 150 cm<\/p>\n\n\n\n<figure class=\"wp-block-gallery has-nested-images columns-default is-cropped wp-block-gallery-2 is-layout-flex wp-block-gallery-is-layout-flex\">\n<figure class=\"wp-block-image size-large\"><img loading=\"lazy\" decoding=\"async\" width=\"1024\" height=\"1016\" data-id=\"2885\" src=\"https:\/\/blogs.uni-paderborn.de\/kunstpraxis\/files\/2025\/09\/Carlotta-Rodewald-40x40-1-1024x1016.jpg\" alt=\"\" class=\"wp-image-2885\" srcset=\"https:\/\/blogs.uni-paderborn.de\/kunstpraxis\/files\/2025\/09\/Carlotta-Rodewald-40x40-1-1024x1016.jpg 1024w, https:\/\/blogs.uni-paderborn.de\/kunstpraxis\/files\/2025\/09\/Carlotta-Rodewald-40x40-1-300x298.jpg 300w, https:\/\/blogs.uni-paderborn.de\/kunstpraxis\/files\/2025\/09\/Carlotta-Rodewald-40x40-1-150x150.jpg 150w, https:\/\/blogs.uni-paderborn.de\/kunstpraxis\/files\/2025\/09\/Carlotta-Rodewald-40x40-1-768x762.jpg 768w, https:\/\/blogs.uni-paderborn.de\/kunstpraxis\/files\/2025\/09\/Carlotta-Rodewald-40x40-1-1536x1524.jpg 1536w, https:\/\/blogs.uni-paderborn.de\/kunstpraxis\/files\/2025\/09\/Carlotta-Rodewald-40x40-1-624x619.jpg 624w, https:\/\/blogs.uni-paderborn.de\/kunstpraxis\/files\/2025\/09\/Carlotta-Rodewald-40x40-1.jpg 1600w\" sizes=\"auto, (max-width: 1024px) 100vw, 1024px\" \/><\/figure>\n<\/figure>\n\n\n\n<p style=\"font-size:10px\">Carlotta Rodewald: Unentdeckt in der Disko, Arcyl auf LW, 40 x 40 cm<\/p>\n\n\n\n<figure class=\"wp-block-gallery has-nested-images columns-default is-cropped wp-block-gallery-3 is-layout-flex wp-block-gallery-is-layout-flex\">\n<figure class=\"wp-block-image size-large\"><img loading=\"lazy\" decoding=\"async\" width=\"1024\" height=\"822\" data-id=\"2886\" src=\"https:\/\/blogs.uni-paderborn.de\/kunstpraxis\/files\/2025\/09\/Charlotte-Oberhoff-24x30-1-1024x822.jpg\" alt=\"\" class=\"wp-image-2886\" srcset=\"https:\/\/blogs.uni-paderborn.de\/kunstpraxis\/files\/2025\/09\/Charlotte-Oberhoff-24x30-1-1024x822.jpg 1024w, https:\/\/blogs.uni-paderborn.de\/kunstpraxis\/files\/2025\/09\/Charlotte-Oberhoff-24x30-1-300x241.jpg 300w, https:\/\/blogs.uni-paderborn.de\/kunstpraxis\/files\/2025\/09\/Charlotte-Oberhoff-24x30-1-768x616.jpg 768w, https:\/\/blogs.uni-paderborn.de\/kunstpraxis\/files\/2025\/09\/Charlotte-Oberhoff-24x30-1-1536x1233.jpg 1536w, https:\/\/blogs.uni-paderborn.de\/kunstpraxis\/files\/2025\/09\/Charlotte-Oberhoff-24x30-1-624x501.jpg 624w, https:\/\/blogs.uni-paderborn.de\/kunstpraxis\/files\/2025\/09\/Charlotte-Oberhoff-24x30-1.jpg 1600w\" sizes=\"auto, (max-width: 1024px) 100vw, 1024px\" \/><\/figure>\n<\/figure>\n\n\n\n<p style=\"font-size:10px\">Charlotte Oberhoff: o.T., Arcyl auf Malkarton, 24 x 30 cm<\/p>\n\n\n\n<figure class=\"wp-block-gallery has-nested-images columns-default is-cropped wp-block-gallery-4 is-layout-flex wp-block-gallery-is-layout-flex\">\n<figure class=\"wp-block-image size-large\"><img loading=\"lazy\" decoding=\"async\" width=\"1024\" height=\"717\" data-id=\"2887\" src=\"https:\/\/blogs.uni-paderborn.de\/kunstpraxis\/files\/2025\/09\/Diana-Schmidt-50x70-1-1024x717.jpg\" alt=\"\" class=\"wp-image-2887\" srcset=\"https:\/\/blogs.uni-paderborn.de\/kunstpraxis\/files\/2025\/09\/Diana-Schmidt-50x70-1-1024x717.jpg 1024w, https:\/\/blogs.uni-paderborn.de\/kunstpraxis\/files\/2025\/09\/Diana-Schmidt-50x70-1-300x210.jpg 300w, https:\/\/blogs.uni-paderborn.de\/kunstpraxis\/files\/2025\/09\/Diana-Schmidt-50x70-1-768x538.jpg 768w, https:\/\/blogs.uni-paderborn.de\/kunstpraxis\/files\/2025\/09\/Diana-Schmidt-50x70-1-1536x1075.jpg 1536w, https:\/\/blogs.uni-paderborn.de\/kunstpraxis\/files\/2025\/09\/Diana-Schmidt-50x70-1-624x437.jpg 624w, https:\/\/blogs.uni-paderborn.de\/kunstpraxis\/files\/2025\/09\/Diana-Schmidt-50x70-1.jpg 1600w\" sizes=\"auto, (max-width: 1024px) 100vw, 1024px\" \/><\/figure>\n<\/figure>\n\n\n\n<p style=\"font-size:10px\">Diana Schmidt: Identit\u00e4t in Aufl\u00f6sung, Arcyl auf LW, 50 x 70 cm<\/p>\n\n\n\n<p>\u201cC\u2019est nous qui avons fait \u00e7a!\u201d (Wir haben das gemacht!) soll Picasso beim Anblick einer Kanone in Tarnfarben gerufen haben. Dabei verwies er auf ihre zersplitterten Muster (dazzle prints), die 1915 von der franz\u00f6sischen Armee unter k\u00fcnstlerischer Beihilfe entwickelt wurden und die in der Tat, dem analytischen Kubismus entlehnt waren. Tarnmuster und Tarnstrategien sind seit dem Beginn des Ersten Weltkriegs verkn\u00fcpft mit k\u00fcnstlerischen Strategien und Bildentw\u00fcrfen. Ob Paul Klee, der w\u00e4hrend seines Milit\u00e4rdienstes als &#8222;Kunstmaler&#8220; die Tarnbemalung der Flugzeuge ausbessern musste und sich von dieser Arbeit f\u00fcr weitere Bilder inspirieren lie\u00df, oder Norman Wilkinson, der vor dem Krieg ein konservativer, die Avantgarde ablehnender Maler von Marine-Sujets gewesen war, dann die Leitung einer Marine-Tarneinheit \u00fcbernahm und dadurch zum Modernisten wurde: die Verkn\u00fcpfung von Camouflage und Kunst nimmt in dieser Zeit ihren Anfang. Seit den 1960er Jahren entdeckte die Pop-Kultur das Tarnmuster f\u00fcr sich. Bei Anti-Vietnam- Demonstrationen trugen Veteranen, ihre gr\u00fcn-braunen Dschungel-Uniformjacken, um gegen den Krieg zu protestieren, und machten den ersten Schritt hin zur Subversion der Milit\u00e4rfarben. Heute ist \u201eCamo\u201c ein Trend-Muster welches sich auf allen erdenklichen Produkten (von Babykleidung bis Kopfkissen) wiederfindet. Es wird&nbsp; nicht mehr daf\u00fcr benutzt etwas verschwinden zu lassen, sondern \u2013 ganz im Gegenteil \u2013 um aufzufallen. Dabei geschieht einer Militarisierung des Zivilen und einer \u00bbZivilisierung\u00ab des Milit\u00e4rischen, wie Hans-Christian Dany in seinem gerade erschienenen Buch \u201eMA-1. Mode und Uniform\u201c schreibt.<\/p>\n\n\n\n<p>Ausgehend von der aktuellen Verwendung dieser Muster in Mode und Design, m\u00f6chten wir in dem Seminar versuchen, malerisch auf die ge\u00e4nderte Nutzung zu reagieren und uns mit der Frage auseinanderzusetzen, warum gerade heute, in einer Zeit, die von vielen politischen wie sozialen Ver\u00e4nderungen bestimmt ist, Camouflage allgegenw\u00e4rtig ist.bindet diese theoretischen \u00dcberlegungen mit einer k\u00fcnstlerisch-praktischen Herangehensweise: Das Experimentieren mit Lasurtechniken, Spr\u00fchfarben und dem Einbeziehen von digitale Arbeitsmethoden in die Malerei. So entstehen Werke, die Abwesenheit und das Fl\u00fcchtige thematisieren und gleichzeitig neue technische und konzeptuelle Ans\u00e4tze erproben. Durch Gruppengespr\u00e4che und Reflexion von Arbeitsschritten wird der kreative Prozess individuell begleitet. Zeitgen\u00f6ssische Positionen dienen als Inspiration, um das visuelle Vorstellungsverm\u00f6gen zu erweitern. Dieses Seminar richtet sich an alle, die Interesse an experimentellen Techniken, aktuellen Bildthemen und der Reflexion \u00fcber das Sichtbare und Unsichtbare in der Malerei haben.<\/p>\n\n\n\n<p class=\"has-text-align-right\">Lehrender: Prof. Max Schulze<\/p>\n\n\n\n<figure class=\"wp-block-image size-large\"><img loading=\"lazy\" decoding=\"async\" width=\"727\" height=\"1024\" src=\"https:\/\/blogs.uni-paderborn.de\/kunstpraxis\/files\/2025\/09\/Enya-Tollwerth-100x70-1-727x1024.jpg\" alt=\"\" class=\"wp-image-2888\" srcset=\"https:\/\/blogs.uni-paderborn.de\/kunstpraxis\/files\/2025\/09\/Enya-Tollwerth-100x70-1-727x1024.jpg 727w, https:\/\/blogs.uni-paderborn.de\/kunstpraxis\/files\/2025\/09\/Enya-Tollwerth-100x70-1-213x300.jpg 213w, https:\/\/blogs.uni-paderborn.de\/kunstpraxis\/files\/2025\/09\/Enya-Tollwerth-100x70-1-768x1082.jpg 768w, https:\/\/blogs.uni-paderborn.de\/kunstpraxis\/files\/2025\/09\/Enya-Tollwerth-100x70-1-1091x1536.jpg 1091w, https:\/\/blogs.uni-paderborn.de\/kunstpraxis\/files\/2025\/09\/Enya-Tollwerth-100x70-1-624x879.jpg 624w, https:\/\/blogs.uni-paderborn.de\/kunstpraxis\/files\/2025\/09\/Enya-Tollwerth-100x70-1.jpg 1136w\" sizes=\"auto, (max-width: 727px) 100vw, 727px\" \/><\/figure>\n\n\n\n<p style=\"font-size:10px\">Enya Bolte: o.T., Arcyl auf Papier, 100 x 70 cm<\/p>\n","protected":false},"excerpt":{"rendered":"<p>Hans Br\u00fcgger: o.T., Arcyl und Spray auf LW, 130 x 150 cm Carlotta Rodewald: Unentdeckt in der Disko, Arcyl auf LW, 40 x 40 cm Charlotte Oberhoff: o.T., Arcyl auf Malkarton, 24 x 30 cm Diana Schmidt: Identit\u00e4t in Aufl\u00f6sung, Arcyl auf LW, 50 x 70 cm \u201cC\u2019est nous qui avons fait \u00e7a!\u201d (Wir haben [&hellip;]<\/p>\n","protected":false},"author":8893,"featured_media":0,"comment_status":"closed","ping_status":"closed","sticky":false,"template":"","format":"standard","meta":{"footnotes":""},"categories":[1,9,60],"tags":[],"class_list":["post-2883","post","type-post","status-publish","format-standard","hentry","category-allgemein","category-malerei","category-sose-25"],"_links":{"self":[{"href":"https:\/\/blogs.uni-paderborn.de\/kunstpraxis\/wp-json\/wp\/v2\/posts\/2883","targetHints":{"allow":["GET"]}}],"collection":[{"href":"https:\/\/blogs.uni-paderborn.de\/kunstpraxis\/wp-json\/wp\/v2\/posts"}],"about":[{"href":"https:\/\/blogs.uni-paderborn.de\/kunstpraxis\/wp-json\/wp\/v2\/types\/post"}],"author":[{"embeddable":true,"href":"https:\/\/blogs.uni-paderborn.de\/kunstpraxis\/wp-json\/wp\/v2\/users\/8893"}],"replies":[{"embeddable":true,"href":"https:\/\/blogs.uni-paderborn.de\/kunstpraxis\/wp-json\/wp\/v2\/comments?post=2883"}],"version-history":[{"count":2,"href":"https:\/\/blogs.uni-paderborn.de\/kunstpraxis\/wp-json\/wp\/v2\/posts\/2883\/revisions"}],"predecessor-version":[{"id":2920,"href":"https:\/\/blogs.uni-paderborn.de\/kunstpraxis\/wp-json\/wp\/v2\/posts\/2883\/revisions\/2920"}],"wp:attachment":[{"href":"https:\/\/blogs.uni-paderborn.de\/kunstpraxis\/wp-json\/wp\/v2\/media?parent=2883"}],"wp:term":[{"taxonomy":"category","embeddable":true,"href":"https:\/\/blogs.uni-paderborn.de\/kunstpraxis\/wp-json\/wp\/v2\/categories?post=2883"},{"taxonomy":"post_tag","embeddable":true,"href":"https:\/\/blogs.uni-paderborn.de\/kunstpraxis\/wp-json\/wp\/v2\/tags?post=2883"}],"curies":[{"name":"wp","href":"https:\/\/api.w.org\/{rel}","templated":true}]}}