{"id":2682,"date":"2024-06-03T18:34:45","date_gmt":"2024-06-03T16:34:45","guid":{"rendered":"https:\/\/blogs.uni-paderborn.de\/kunstpraxis\/?p=2682"},"modified":"2024-09-09T17:43:29","modified_gmt":"2024-09-09T15:43:29","slug":"intermezzo6-holzschnitte","status":"publish","type":"post","link":"https:\/\/blogs.uni-paderborn.de\/kunstpraxis\/2024\/06\/03\/intermezzo6-holzschnitte\/","title":{"rendered":"INTERMEZZO#6: HOLZSCHNITTE"},"content":{"rendered":"<div class=\"twoclick_social_bookmarks_post_2682 social_share_privacy clearfix 1.6.4 locale-de_DE sprite-de_DE\"><\/div><div class=\"twoclick-js\"><script type=\"text\/javascript\">\/* <![CDATA[ *\/\njQuery(document).ready(function($){if($('.twoclick_social_bookmarks_post_2682')){$('.twoclick_social_bookmarks_post_2682').socialSharePrivacy({\"txt_help\":\"Wenn Sie diese Felder durch einen Klick aktivieren, werden Informationen an Facebook, Twitter, Flattr, Xing, t3n, LinkedIn, Pinterest oder Google eventuell ins Ausland \\u00fcbertragen und unter Umst\\u00e4nden auch dort gespeichert. N\\u00e4heres erfahren Sie durch einen Klick auf das <em>i<\\\/em>.\",\"settings_perma\":\"Dauerhaft aktivieren und Daten\\u00fcber-tragung zustimmen:\",\"info_link\":\"http:\\\/\\\/www.heise.de\\\/ct\\\/artikel\\\/2-Klicks-fuer-mehr-Datenschutz-1333879.html\",\"uri\":\"https:\\\/\\\/blogs.uni-paderborn.de\\\/kunstpraxis\\\/2024\\\/06\\\/03\\\/intermezzo6-holzschnitte\\\/\",\"post_id\":2682,\"post_title_referrer_track\":\"INTERMEZZO%236%3A+HOLZSCHNITTE\",\"display_infobox\":\"on\"});}});\n\/* ]]> *\/<\/script><\/div>\n<figure class=\"wp-block-gallery has-nested-images columns-default is-cropped wp-block-gallery-1 is-layout-flex wp-block-gallery-is-layout-flex\">\n<figure class=\"wp-block-image size-large\"><img loading=\"lazy\" decoding=\"async\" width=\"1024\" height=\"683\" data-id=\"2683\" src=\"https:\/\/blogs.uni-paderborn.de\/kunstpraxis\/files\/2024\/06\/0T7A1083-1024x683.jpg\" alt=\"\" class=\"wp-image-2683\" srcset=\"https:\/\/blogs.uni-paderborn.de\/kunstpraxis\/files\/2024\/06\/0T7A1083-1024x683.jpg 1024w, https:\/\/blogs.uni-paderborn.de\/kunstpraxis\/files\/2024\/06\/0T7A1083-300x200.jpg 300w, https:\/\/blogs.uni-paderborn.de\/kunstpraxis\/files\/2024\/06\/0T7A1083-768x512.jpg 768w, https:\/\/blogs.uni-paderborn.de\/kunstpraxis\/files\/2024\/06\/0T7A1083-1536x1024.jpg 1536w, https:\/\/blogs.uni-paderborn.de\/kunstpraxis\/files\/2024\/06\/0T7A1083-2048x1365.jpg 2048w, https:\/\/blogs.uni-paderborn.de\/kunstpraxis\/files\/2024\/06\/0T7A1083-624x416.jpg 624w\" sizes=\"auto, (max-width: 1024px) 100vw, 1024px\" \/><\/figure>\n<\/figure>\n\n\n\n<p style=\"font-size:10px\">Julia Emmler, Lea Schm\u00fccker, Amelie Klepp, Greta Vornweg, Nika Diemel<\/p>\n\n\n\n<figure class=\"wp-block-gallery has-nested-images columns-default is-cropped wp-block-gallery-2 is-layout-flex wp-block-gallery-is-layout-flex\">\n<figure class=\"wp-block-image size-large\"><img loading=\"lazy\" decoding=\"async\" width=\"1024\" height=\"683\" data-id=\"2684\" src=\"https:\/\/blogs.uni-paderborn.de\/kunstpraxis\/files\/2024\/06\/0T7A1086-1024x683.jpg\" alt=\"\" class=\"wp-image-2684\" srcset=\"https:\/\/blogs.uni-paderborn.de\/kunstpraxis\/files\/2024\/06\/0T7A1086-1024x683.jpg 1024w, https:\/\/blogs.uni-paderborn.de\/kunstpraxis\/files\/2024\/06\/0T7A1086-300x200.jpg 300w, https:\/\/blogs.uni-paderborn.de\/kunstpraxis\/files\/2024\/06\/0T7A1086-768x512.jpg 768w, https:\/\/blogs.uni-paderborn.de\/kunstpraxis\/files\/2024\/06\/0T7A1086-1536x1024.jpg 1536w, https:\/\/blogs.uni-paderborn.de\/kunstpraxis\/files\/2024\/06\/0T7A1086-2048x1365.jpg 2048w, https:\/\/blogs.uni-paderborn.de\/kunstpraxis\/files\/2024\/06\/0T7A1086-624x416.jpg 624w\" sizes=\"auto, (max-width: 1024px) 100vw, 1024px\" \/><\/figure>\n<\/figure>\n\n\n\n<p style=\"font-size:10px\">Amelie Klepp, Greta Vornweg, Elena Segref<\/p>\n\n\n\n<figure class=\"wp-block-gallery has-nested-images columns-default is-cropped wp-block-gallery-3 is-layout-flex wp-block-gallery-is-layout-flex\">\n<figure class=\"wp-block-image size-large\"><img loading=\"lazy\" decoding=\"async\" width=\"1024\" height=\"683\" data-id=\"2685\" src=\"https:\/\/blogs.uni-paderborn.de\/kunstpraxis\/files\/2024\/06\/0T7A1089-1024x683.jpg\" alt=\"\" class=\"wp-image-2685\" srcset=\"https:\/\/blogs.uni-paderborn.de\/kunstpraxis\/files\/2024\/06\/0T7A1089-1024x683.jpg 1024w, https:\/\/blogs.uni-paderborn.de\/kunstpraxis\/files\/2024\/06\/0T7A1089-300x200.jpg 300w, https:\/\/blogs.uni-paderborn.de\/kunstpraxis\/files\/2024\/06\/0T7A1089-768x512.jpg 768w, https:\/\/blogs.uni-paderborn.de\/kunstpraxis\/files\/2024\/06\/0T7A1089-1536x1024.jpg 1536w, https:\/\/blogs.uni-paderborn.de\/kunstpraxis\/files\/2024\/06\/0T7A1089-2048x1365.jpg 2048w, https:\/\/blogs.uni-paderborn.de\/kunstpraxis\/files\/2024\/06\/0T7A1089-624x416.jpg 624w\" sizes=\"auto, (max-width: 1024px) 100vw, 1024px\" \/><\/figure>\n<\/figure>\n\n\n\n<p style=\"font-size:10px\">Amelie Klepp, Greta Vornweg<\/p>\n\n\n\n<figure class=\"wp-block-gallery has-nested-images columns-default is-cropped wp-block-gallery-4 is-layout-flex wp-block-gallery-is-layout-flex\">\n<figure class=\"wp-block-image size-large\"><img loading=\"lazy\" decoding=\"async\" width=\"1024\" height=\"683\" data-id=\"2686\" src=\"https:\/\/blogs.uni-paderborn.de\/kunstpraxis\/files\/2024\/06\/0T7A1090-1024x683.jpg\" alt=\"\" class=\"wp-image-2686\" srcset=\"https:\/\/blogs.uni-paderborn.de\/kunstpraxis\/files\/2024\/06\/0T7A1090-1024x683.jpg 1024w, https:\/\/blogs.uni-paderborn.de\/kunstpraxis\/files\/2024\/06\/0T7A1090-300x200.jpg 300w, https:\/\/blogs.uni-paderborn.de\/kunstpraxis\/files\/2024\/06\/0T7A1090-768x512.jpg 768w, https:\/\/blogs.uni-paderborn.de\/kunstpraxis\/files\/2024\/06\/0T7A1090-1536x1024.jpg 1536w, https:\/\/blogs.uni-paderborn.de\/kunstpraxis\/files\/2024\/06\/0T7A1090-2048x1365.jpg 2048w, https:\/\/blogs.uni-paderborn.de\/kunstpraxis\/files\/2024\/06\/0T7A1090-624x416.jpg 624w\" sizes=\"auto, (max-width: 1024px) 100vw, 1024px\" \/><\/figure>\n<\/figure>\n\n\n\n<p style=\"font-size:10px\">Lea Schm\u00fccker, Nika Diemel<\/p>\n\n\n\n<figure class=\"wp-block-gallery has-nested-images columns-default is-cropped wp-block-gallery-5 is-layout-flex wp-block-gallery-is-layout-flex\">\n<figure class=\"wp-block-image size-large\"><img loading=\"lazy\" decoding=\"async\" width=\"1024\" height=\"683\" data-id=\"2687\" src=\"https:\/\/blogs.uni-paderborn.de\/kunstpraxis\/files\/2024\/06\/0T7A1099-bearb-1024x683.jpg\" alt=\"\" class=\"wp-image-2687\" srcset=\"https:\/\/blogs.uni-paderborn.de\/kunstpraxis\/files\/2024\/06\/0T7A1099-bearb-1024x683.jpg 1024w, https:\/\/blogs.uni-paderborn.de\/kunstpraxis\/files\/2024\/06\/0T7A1099-bearb-300x200.jpg 300w, https:\/\/blogs.uni-paderborn.de\/kunstpraxis\/files\/2024\/06\/0T7A1099-bearb-768x512.jpg 768w, https:\/\/blogs.uni-paderborn.de\/kunstpraxis\/files\/2024\/06\/0T7A1099-bearb-1536x1024.jpg 1536w, https:\/\/blogs.uni-paderborn.de\/kunstpraxis\/files\/2024\/06\/0T7A1099-bearb-2048x1365.jpg 2048w, https:\/\/blogs.uni-paderborn.de\/kunstpraxis\/files\/2024\/06\/0T7A1099-bearb-624x416.jpg 624w\" sizes=\"auto, (max-width: 1024px) 100vw, 1024px\" \/><\/figure>\n<\/figure>\n\n\n\n<p style=\"font-size:10px\">Hannah Otte, Leonard Br\u00fcckner<\/p>\n\n\n\n<p>Die Hochdrucke der Studenten der Kunstpraxis (Druckgrafik) an der Universit\u00e4t Paderborn unter der Leitung von Eva Weinert treffen in der Ausstellungsreihe Intermezzo#6 auf die Holzschnitte der st\u00e4dtischen Kunstsammlung der 1970er bis fr\u00fchen 2000er Jahre. Neben Arbeiten von den zeitgen\u00f6ssischen K\u00fcnstlerinnen Willem Grimm, Richard Haizmann und Hannah H\u00f6ch, werden auch Druckgrafiken der Paderborner K\u00fcnstler Ingrid Moll Horstmann, Hans Christian R\u00fcngeler und Gerhard Staufenbiel zu sehen sein.<\/p>\n\n\n\n<p>Die Arbeiten der Kunststudent*innen sind im Laufe der letzten Semester entstanden und bearbeiteten spannende Fragestellungen wie \u00bbWas ist deine Botschaft angesichts einer Welt im Umbruch?\u00ab oder \u00bbWer bin ich? Was macht mich aus? Wie werde ich wahrgenommen? Wie f\u00fchle ich mich? Welche Seite von mir will ich zeigen? Was verberge ich?\u00ab und \u00bbIch habe etwas im Kopf, das in etwa so aussieht\u201c\u00ab Dabei wurden verschiedene Drucktechniken erprobt und angewandt. Ein Semester Ziel war die eigenst\u00e4ndige Bildvorstellung und der intensive Ausdruck einer abwechslungsreichen, spannungsvollen druckgrafischen Serie.<\/p>\n\n\n\n<p><strong>Ausstellungsdauer:<\/strong><\/p>\n\n\n\n<p><strong>8.3.-30.6.2024<\/strong><\/p>\n\n\n\n<p>&nbsp;<br>Museum Schloss Neuhaus<br>Im Schlo\u00dfpark 9<br>33104 Paderborn-Schlo\u00df Neuhaus<br><a href=\"https:\/\/www.paderborn.de\/microsite\/kunstmuseum_im_marstall\/index.php\" rel=\"noreferrer noopener\" target=\"_blank\">https:\/\/www.paderborn.de\/microsite\/kunstmuseum_im_marstall\/index.php<\/a><\/p>\n","protected":false},"excerpt":{"rendered":"<p>Julia Emmler, Lea Schm\u00fccker, Amelie Klepp, Greta Vornweg, Nika Diemel Amelie Klepp, Greta Vornweg, Elena Segref Amelie Klepp, Greta Vornweg Lea Schm\u00fccker, Nika Diemel Hannah Otte, Leonard Br\u00fcckner Die Hochdrucke der Studenten der Kunstpraxis (Druckgrafik) an der Universit\u00e4t Paderborn unter der Leitung von Eva Weinert treffen in der Ausstellungsreihe Intermezzo#6 auf die Holzschnitte der st\u00e4dtischen [&hellip;]<\/p>\n","protected":false},"author":9225,"featured_media":0,"comment_status":"closed","ping_status":"closed","sticky":false,"template":"","format":"standard","meta":{"footnotes":""},"categories":[1,5,39,55],"tags":[],"class_list":["post-2682","post","type-post","status-publish","format-standard","hentry","category-allgemein","category-ausstellungen","category-grafik","category-wise-23-24"],"_links":{"self":[{"href":"https:\/\/blogs.uni-paderborn.de\/kunstpraxis\/wp-json\/wp\/v2\/posts\/2682","targetHints":{"allow":["GET"]}}],"collection":[{"href":"https:\/\/blogs.uni-paderborn.de\/kunstpraxis\/wp-json\/wp\/v2\/posts"}],"about":[{"href":"https:\/\/blogs.uni-paderborn.de\/kunstpraxis\/wp-json\/wp\/v2\/types\/post"}],"author":[{"embeddable":true,"href":"https:\/\/blogs.uni-paderborn.de\/kunstpraxis\/wp-json\/wp\/v2\/users\/9225"}],"replies":[{"embeddable":true,"href":"https:\/\/blogs.uni-paderborn.de\/kunstpraxis\/wp-json\/wp\/v2\/comments?post=2682"}],"version-history":[{"count":4,"href":"https:\/\/blogs.uni-paderborn.de\/kunstpraxis\/wp-json\/wp\/v2\/posts\/2682\/revisions"}],"predecessor-version":[{"id":2766,"href":"https:\/\/blogs.uni-paderborn.de\/kunstpraxis\/wp-json\/wp\/v2\/posts\/2682\/revisions\/2766"}],"wp:attachment":[{"href":"https:\/\/blogs.uni-paderborn.de\/kunstpraxis\/wp-json\/wp\/v2\/media?parent=2682"}],"wp:term":[{"taxonomy":"category","embeddable":true,"href":"https:\/\/blogs.uni-paderborn.de\/kunstpraxis\/wp-json\/wp\/v2\/categories?post=2682"},{"taxonomy":"post_tag","embeddable":true,"href":"https:\/\/blogs.uni-paderborn.de\/kunstpraxis\/wp-json\/wp\/v2\/tags?post=2682"}],"curies":[{"name":"wp","href":"https:\/\/api.w.org\/{rel}","templated":true}]}}