{"id":1583,"date":"2022-01-29T16:37:37","date_gmt":"2022-01-29T15:37:37","guid":{"rendered":"https:\/\/blogs.uni-paderborn.de\/kunstpraxis\/?p=1583"},"modified":"2022-03-08T16:16:38","modified_gmt":"2022-03-08T15:16:38","slug":"figur-koerper-raum","status":"publish","type":"post","link":"https:\/\/blogs.uni-paderborn.de\/kunstpraxis\/2022\/01\/29\/figur-koerper-raum\/","title":{"rendered":"FIGUR &#8211; K\u00d6RPER &#8211; RAUM"},"content":{"rendered":"<div class=\"twoclick_social_bookmarks_post_1583 social_share_privacy clearfix 1.6.4 locale-de_DE sprite-de_DE\"><\/div><div class=\"twoclick-js\"><script type=\"text\/javascript\">\/* <![CDATA[ *\/\njQuery(document).ready(function($){if($('.twoclick_social_bookmarks_post_1583')){$('.twoclick_social_bookmarks_post_1583').socialSharePrivacy({\"txt_help\":\"Wenn Sie diese Felder durch einen Klick aktivieren, werden Informationen an Facebook, Twitter, Flattr, Xing, t3n, LinkedIn, Pinterest oder Google eventuell ins Ausland \\u00fcbertragen und unter Umst\\u00e4nden auch dort gespeichert. N\\u00e4heres erfahren Sie durch einen Klick auf das <em>i<\\\/em>.\",\"settings_perma\":\"Dauerhaft aktivieren und Daten\\u00fcber-tragung zustimmen:\",\"info_link\":\"http:\\\/\\\/www.heise.de\\\/ct\\\/artikel\\\/2-Klicks-fuer-mehr-Datenschutz-1333879.html\",\"uri\":\"https:\\\/\\\/blogs.uni-paderborn.de\\\/kunstpraxis\\\/2022\\\/01\\\/29\\\/figur-koerper-raum\\\/\",\"post_id\":1583,\"post_title_referrer_track\":\"FIGUR+%26%238211%3B+K%C3%96RPER+%26%238211%3B+RAUM\",\"display_infobox\":\"on\"});}});\n\/* ]]> *\/<\/script><\/div>\n<p><\/p>\n\n\n\n<figure class=\"wp-block-image size-large\"><img loading=\"lazy\" decoding=\"async\" width=\"597\" height=\"1024\" src=\"https:\/\/blogs.uni-paderborn.de\/kunstpraxis\/files\/2022\/02\/Ruhrmann_Antwort1-597x1024.jpeg\" alt=\"\" class=\"wp-image-1641\" srcset=\"https:\/\/blogs.uni-paderborn.de\/kunstpraxis\/files\/2022\/02\/Ruhrmann_Antwort1-597x1024.jpeg 597w, https:\/\/blogs.uni-paderborn.de\/kunstpraxis\/files\/2022\/02\/Ruhrmann_Antwort1-175x300.jpeg 175w, https:\/\/blogs.uni-paderborn.de\/kunstpraxis\/files\/2022\/02\/Ruhrmann_Antwort1-768x1318.jpeg 768w, https:\/\/blogs.uni-paderborn.de\/kunstpraxis\/files\/2022\/02\/Ruhrmann_Antwort1-895x1536.jpeg 895w, https:\/\/blogs.uni-paderborn.de\/kunstpraxis\/files\/2022\/02\/Ruhrmann_Antwort1-624x1071.jpeg 624w, https:\/\/blogs.uni-paderborn.de\/kunstpraxis\/files\/2022\/02\/Ruhrmann_Antwort1.jpeg 1193w\" sizes=\"auto, (max-width: 597px) 100vw, 597px\" \/><\/figure>\n\n\n\n<p style=\"font-size:10px\">Imke Ruhrmann: Antwort 1. Schaumstoff, Gips, 110 x 70 x 60 cm.<\/p>\n\n\n\n<figure class=\"wp-block-image size-full\"><img loading=\"lazy\" decoding=\"async\" width=\"938\" height=\"676\" src=\"https:\/\/blogs.uni-paderborn.de\/kunstpraxis\/files\/2022\/02\/Bild-1-Blog.jpeg\" alt=\"\" class=\"wp-image-1611\" srcset=\"https:\/\/blogs.uni-paderborn.de\/kunstpraxis\/files\/2022\/02\/Bild-1-Blog.jpeg 938w, https:\/\/blogs.uni-paderborn.de\/kunstpraxis\/files\/2022\/02\/Bild-1-Blog-300x216.jpeg 300w, https:\/\/blogs.uni-paderborn.de\/kunstpraxis\/files\/2022\/02\/Bild-1-Blog-768x553.jpeg 768w, https:\/\/blogs.uni-paderborn.de\/kunstpraxis\/files\/2022\/02\/Bild-1-Blog-624x450.jpeg 624w\" sizes=\"auto, (max-width: 938px) 100vw, 938px\" \/><\/figure>\n\n\n\n<p style=\"font-size:10px\">Ayline Klenke: Ohne Titel. Metall, Epoxidharz, 40 x 20 x 15cm.&nbsp;&nbsp;&nbsp;<\/p>\n\n\n\n<figure class=\"wp-block-image size-large\"><img loading=\"lazy\" decoding=\"async\" width=\"1024\" height=\"768\" src=\"https:\/\/blogs.uni-paderborn.de\/kunstpraxis\/files\/2022\/02\/IMG_2935b-1024x768.jpg\" alt=\"\" class=\"wp-image-1605\" srcset=\"https:\/\/blogs.uni-paderborn.de\/kunstpraxis\/files\/2022\/02\/IMG_2935b-1024x768.jpg 1024w, https:\/\/blogs.uni-paderborn.de\/kunstpraxis\/files\/2022\/02\/IMG_2935b-300x225.jpg 300w, https:\/\/blogs.uni-paderborn.de\/kunstpraxis\/files\/2022\/02\/IMG_2935b-768x576.jpg 768w, https:\/\/blogs.uni-paderborn.de\/kunstpraxis\/files\/2022\/02\/IMG_2935b-1536x1152.jpg 1536w, https:\/\/blogs.uni-paderborn.de\/kunstpraxis\/files\/2022\/02\/IMG_2935b-624x468.jpg 624w, https:\/\/blogs.uni-paderborn.de\/kunstpraxis\/files\/2022\/02\/IMG_2935b.jpg 2016w\" sizes=\"auto, (max-width: 1024px) 100vw, 1024px\" \/><\/figure>\n\n\n\n<p style=\"font-size:10px\">Nina Wolf: Ohne Titel. Gips, Aluminiumdraht mit Fenstern, 66 x 24 x 45 cm.<\/p>\n\n\n\n<p>Was ist Skulptur? In der zeitgen\u00f6ssischen Kunst spricht man von einem offenen Skulpturenbegriff, da sich die Ausdrucksformen des Skulpturen so sehr erweitert haben, dass eine klare Definition des Begriffes nicht mehr m\u00f6glich erscheint. Skulptur ist also mehr als die fig\u00fcrliche Darstellung und zugleich arbeiten zeitgen\u00f6ssische K\u00fcnstler wie beispielsweise Thomas Sch\u00fctte in diesem traditionellen Feld und erweitern die Formsprache der Skulptur aus Bereich des Fig\u00fcrlichen heraus.<br>Fragen von K\u00f6rper und Raum stellen sich aber auch in der Relation zwischen Skulptur und Betrachter. Dieser nimmt die Skulptur nicht nur optisch wahr, sondern tritt zu ihr in Beziehung, sodass auch die K\u00f6rperwahrnehmung eine gro\u00dfe Rolle spielt. In Arbeiten von K\u00fcnstlern wie Franz West oder Rebecca Horn werden die K\u00f6rper der Betrachtenden bzw. wird der K\u00f6rper der K\u00fcnstlerin zu einem Teil einer performativ abgelegten Auseinandersetzung mit Skulptur und Raum.<br>In diesem Seminar geht es um eine Ann\u00e4herung an das weite Feld des Skulpturalen durch experimentelle Zug\u00e4nge sowie durch die Vermittlung verschiedener Weg der Formfindung und der handwerklich-technischen Umsetzung k\u00fcnstlerischer Konzepte.<\/p>\n\n\n\n<p class=\"has-text-align-right\">Lehrende: Prof. Dr. Karina Pauls<\/p>\n","protected":false},"excerpt":{"rendered":"<p>Imke Ruhrmann: Antwort 1. Schaumstoff, Gips, 110 x 70 x 60 cm. Ayline Klenke: Ohne Titel. Metall, Epoxidharz, 40 x 20 x 15cm.&nbsp;&nbsp;&nbsp; Nina Wolf: Ohne Titel. Gips, Aluminiumdraht mit Fenstern, 66 x 24 x 45 cm. Was ist Skulptur? In der zeitgen\u00f6ssischen Kunst spricht man von einem offenen Skulpturenbegriff, da sich die Ausdrucksformen des [&hellip;]<\/p>\n","protected":false},"author":8960,"featured_media":0,"comment_status":"closed","ping_status":"closed","sticky":false,"template":"","format":"standard","meta":{"footnotes":""},"categories":[1,3,38],"tags":[],"class_list":["post-1583","post","type-post","status-publish","format-standard","hentry","category-allgemein","category-bildhauerei","category-wise-21-22"],"_links":{"self":[{"href":"https:\/\/blogs.uni-paderborn.de\/kunstpraxis\/wp-json\/wp\/v2\/posts\/1583","targetHints":{"allow":["GET"]}}],"collection":[{"href":"https:\/\/blogs.uni-paderborn.de\/kunstpraxis\/wp-json\/wp\/v2\/posts"}],"about":[{"href":"https:\/\/blogs.uni-paderborn.de\/kunstpraxis\/wp-json\/wp\/v2\/types\/post"}],"author":[{"embeddable":true,"href":"https:\/\/blogs.uni-paderborn.de\/kunstpraxis\/wp-json\/wp\/v2\/users\/8960"}],"replies":[{"embeddable":true,"href":"https:\/\/blogs.uni-paderborn.de\/kunstpraxis\/wp-json\/wp\/v2\/comments?post=1583"}],"version-history":[{"count":5,"href":"https:\/\/blogs.uni-paderborn.de\/kunstpraxis\/wp-json\/wp\/v2\/posts\/1583\/revisions"}],"predecessor-version":[{"id":1644,"href":"https:\/\/blogs.uni-paderborn.de\/kunstpraxis\/wp-json\/wp\/v2\/posts\/1583\/revisions\/1644"}],"wp:attachment":[{"href":"https:\/\/blogs.uni-paderborn.de\/kunstpraxis\/wp-json\/wp\/v2\/media?parent=1583"}],"wp:term":[{"taxonomy":"category","embeddable":true,"href":"https:\/\/blogs.uni-paderborn.de\/kunstpraxis\/wp-json\/wp\/v2\/categories?post=1583"},{"taxonomy":"post_tag","embeddable":true,"href":"https:\/\/blogs.uni-paderborn.de\/kunstpraxis\/wp-json\/wp\/v2\/tags?post=1583"}],"curies":[{"name":"wp","href":"https:\/\/api.w.org\/{rel}","templated":true}]}}