{"id":1323,"date":"2021-06-28T18:30:09","date_gmt":"2021-06-28T16:30:09","guid":{"rendered":"https:\/\/blogs.uni-paderborn.de\/kunstpraxis\/?p=1323"},"modified":"2021-07-27T15:35:32","modified_gmt":"2021-07-27T13:35:32","slug":"skulptur-und-material","status":"publish","type":"post","link":"https:\/\/blogs.uni-paderborn.de\/kunstpraxis\/2021\/06\/28\/skulptur-und-material\/","title":{"rendered":"SKULPTUR UND MATERIAL"},"content":{"rendered":"<div class=\"twoclick_social_bookmarks_post_1323 social_share_privacy clearfix 1.6.4 locale-de_DE sprite-de_DE\"><\/div><div class=\"twoclick-js\"><script type=\"text\/javascript\">\/* <![CDATA[ *\/\njQuery(document).ready(function($){if($('.twoclick_social_bookmarks_post_1323')){$('.twoclick_social_bookmarks_post_1323').socialSharePrivacy({\"txt_help\":\"Wenn Sie diese Felder durch einen Klick aktivieren, werden Informationen an Facebook, Twitter, Flattr, Xing, t3n, LinkedIn, Pinterest oder Google eventuell ins Ausland \\u00fcbertragen und unter Umst\\u00e4nden auch dort gespeichert. N\\u00e4heres erfahren Sie durch einen Klick auf das <em>i<\\\/em>.\",\"settings_perma\":\"Dauerhaft aktivieren und Daten\\u00fcber-tragung zustimmen:\",\"info_link\":\"http:\\\/\\\/www.heise.de\\\/ct\\\/artikel\\\/2-Klicks-fuer-mehr-Datenschutz-1333879.html\",\"uri\":\"https:\\\/\\\/blogs.uni-paderborn.de\\\/kunstpraxis\\\/2021\\\/06\\\/28\\\/skulptur-und-material\\\/\",\"post_id\":1323,\"post_title_referrer_track\":\"SKULPTUR+UND+MATERIAL\",\"display_infobox\":\"on\"});}});\n\/* ]]> *\/<\/script><\/div>\n<figure class=\"wp-block-image size-large\"><img loading=\"lazy\" decoding=\"async\" width=\"768\" height=\"1024\" src=\"https:\/\/blogs.uni-paderborn.de\/kunstpraxis\/files\/2021\/07\/20210722_122655comp-768x1024.jpg\" alt=\"\" class=\"wp-image-1355\" srcset=\"https:\/\/blogs.uni-paderborn.de\/kunstpraxis\/files\/2021\/07\/20210722_122655comp-768x1024.jpg 768w, https:\/\/blogs.uni-paderborn.de\/kunstpraxis\/files\/2021\/07\/20210722_122655comp-225x300.jpg 225w, https:\/\/blogs.uni-paderborn.de\/kunstpraxis\/files\/2021\/07\/20210722_122655comp-1152x1536.jpg 1152w, https:\/\/blogs.uni-paderborn.de\/kunstpraxis\/files\/2021\/07\/20210722_122655comp-1536x2048.jpg 1536w, https:\/\/blogs.uni-paderborn.de\/kunstpraxis\/files\/2021\/07\/20210722_122655comp-624x832.jpg 624w, https:\/\/blogs.uni-paderborn.de\/kunstpraxis\/files\/2021\/07\/20210722_122655comp-scaled.jpg 1920w\" sizes=\"auto, (max-width: 768px) 100vw, 768px\" \/><\/figure>\n\n\n\n<p style=\"font-size:10px\">Anne Bode: Ohne Titel. Abgussverfahren, Gips, ca. 20 x 20 x 40 cm. <\/p>\n\n\n\n<figure class=\"wp-block-image\"><img loading=\"lazy\" decoding=\"async\" width=\"3699\" height=\"2775\" src=\"https:\/\/blogs.uni-paderborn.de\/kunstpraxis\/files\/2021\/06\/wmKT7Gpg2.jpg\" alt=\"\" class=\"wp-image-1327\" \/><\/figure>\n\n\n\n<p style=\"font-size:10px\">Cassandra Franke: Cellular. Sechseckgeflecht und Bauschaum,  54 x 40 x 37 cm.  <\/p>\n\n\n\n<figure class=\"wp-block-image\"><img loading=\"lazy\" decoding=\"async\" width=\"2016\" height=\"1512\" src=\"https:\/\/blogs.uni-paderborn.de\/kunstpraxis\/files\/2021\/07\/image0.jpeg\" alt=\"\" class=\"wp-image-1350\" \/><\/figure>\n\n\n\n<p style=\"font-size:10px\">Madeleine Hofstetter: Ohne Titel. Gips, Plastik, jeweils ca. 10 x 20 cm. <\/p>\n\n\n\n<figure class=\"wp-block-image\"><img loading=\"lazy\" decoding=\"async\" width=\"1445\" height=\"1570\" src=\"https:\/\/blogs.uni-paderborn.de\/kunstpraxis\/files\/2021\/07\/image5.jpeg\" alt=\"\" class=\"wp-image-1351\" \/><\/figure>\n\n\n\n<p style=\"font-size:10px\"> Madeleine Hofstetter: Ohne Titel. Holz, Gips, Acrylfarbe, ca. 20 x 20 cm.  <\/p>\n\n\n\n<figure class=\"wp-block-image\"><img loading=\"lazy\" decoding=\"async\" width=\"1512\" height=\"1600\" src=\"https:\/\/blogs.uni-paderborn.de\/kunstpraxis\/files\/2021\/07\/image6.jpeg\" alt=\"\" class=\"wp-image-1352\" \/><\/figure>\n\n\n\n<p style=\"font-size:10px\">  Madeleine Hofstetter: Ohne Titel. Geld, Pappmach\u00e9, ca. 30 x 30 cm.   <\/p>\n\n\n\n<p>Was ist eine Skulptur? Welche Materialien eignen sich f\u00fcr die Bildhauerei? Wie kann man diese bearbeiten? Verschiedene Materialien und ihre spezifischen Ausdruckspotentiale stehen im Zentrum des plastischen Arbeitens in diesem Seminar. Dabei werden grundlegende  handwerklich-technische Herangehensweisen, aber auch experimentelle  Ans\u00e4tze erprobt und reflektiert. Grunds\u00e4tzlich kann jedes Material f\u00fcr den k\u00fcnstlerischen Ausdruck genutzt werden und schon die Wahl eines bestimmten Materials hat eine Bedeutung. Die Frage, der im Seminar  nachgegangen wird, ist, wie sich aus ersten Erfahrungen mit einem Material ein k\u00fcnstlerischer Prozess und ein individuelles k\u00fcnstlerisches Konzept entwickeln lassen. Die Betrachtung zeitgen\u00f6ssischer k\u00fcnstlerischer Positionen \u00f6ffnen &#8211; \u00fcber den Tellerrand der eigenen Arbeit hinaus und erg\u00e4nzend dazu &#8211; den Blick f\u00fcr M\u00f6glichkeiten im weiten Feld der Skulptur. <\/p>\n\n\n\n<p class=\"has-text-align-right\">Lehrende: Prof. Dr. Karina Pauls<\/p>\n","protected":false},"excerpt":{"rendered":"<p>Anne Bode: Ohne Titel. Abgussverfahren, Gips, ca. 20 x 20 x 40 cm. Cassandra Franke: Cellular. Sechseckgeflecht und Bauschaum, 54 x 40 x 37 cm. Madeleine Hofstetter: Ohne Titel. Gips, Plastik, jeweils ca. 10 x 20 cm. Madeleine Hofstetter: Ohne Titel. Holz, Gips, Acrylfarbe, ca. 20 x 20 cm. Madeleine Hofstetter: Ohne Titel. Geld, Pappmach\u00e9, [&hellip;]<\/p>\n","protected":false},"author":8960,"featured_media":0,"comment_status":"closed","ping_status":"closed","sticky":false,"template":"","format":"standard","meta":{"footnotes":""},"categories":[1,3,32],"tags":[],"class_list":["post-1323","post","type-post","status-publish","format-standard","hentry","category-allgemein","category-bildhauerei","category-wise-20-21"],"_links":{"self":[{"href":"https:\/\/blogs.uni-paderborn.de\/kunstpraxis\/wp-json\/wp\/v2\/posts\/1323","targetHints":{"allow":["GET"]}}],"collection":[{"href":"https:\/\/blogs.uni-paderborn.de\/kunstpraxis\/wp-json\/wp\/v2\/posts"}],"about":[{"href":"https:\/\/blogs.uni-paderborn.de\/kunstpraxis\/wp-json\/wp\/v2\/types\/post"}],"author":[{"embeddable":true,"href":"https:\/\/blogs.uni-paderborn.de\/kunstpraxis\/wp-json\/wp\/v2\/users\/8960"}],"replies":[{"embeddable":true,"href":"https:\/\/blogs.uni-paderborn.de\/kunstpraxis\/wp-json\/wp\/v2\/comments?post=1323"}],"version-history":[{"count":6,"href":"https:\/\/blogs.uni-paderborn.de\/kunstpraxis\/wp-json\/wp\/v2\/posts\/1323\/revisions"}],"predecessor-version":[{"id":1356,"href":"https:\/\/blogs.uni-paderborn.de\/kunstpraxis\/wp-json\/wp\/v2\/posts\/1323\/revisions\/1356"}],"wp:attachment":[{"href":"https:\/\/blogs.uni-paderborn.de\/kunstpraxis\/wp-json\/wp\/v2\/media?parent=1323"}],"wp:term":[{"taxonomy":"category","embeddable":true,"href":"https:\/\/blogs.uni-paderborn.de\/kunstpraxis\/wp-json\/wp\/v2\/categories?post=1323"},{"taxonomy":"post_tag","embeddable":true,"href":"https:\/\/blogs.uni-paderborn.de\/kunstpraxis\/wp-json\/wp\/v2\/tags?post=1323"}],"curies":[{"name":"wp","href":"https:\/\/api.w.org\/{rel}","templated":true}]}}