{"id":330,"date":"2021-02-15T12:29:55","date_gmt":"2021-02-15T11:29:55","guid":{"rendered":"https:\/\/blogs.uni-paderborn.de\/kraft-bildungsdoku\/?p=330"},"modified":"2021-12-13T13:29:52","modified_gmt":"2021-12-13T12:29:52","slug":"startseite","status":"publish","type":"post","link":"https:\/\/blogs.uni-paderborn.de\/kraft-bildungsdoku\/2021\/02\/15\/startseite\/","title":{"rendered":"Herzlich willkommen auf den Seiten der KrafT Bildungsdokumentation!"},"content":{"rendered":"<div class=\"twoclick_social_bookmarks_post_330 social_share_privacy clearfix 1.6.4 locale-de_DE sprite-de_DE\"><\/div><div class=\"twoclick-js\"><script type=\"text\/javascript\">\/* <![CDATA[ *\/\njQuery(document).ready(function($){if($('.twoclick_social_bookmarks_post_330')){$('.twoclick_social_bookmarks_post_330').socialSharePrivacy({\"txt_help\":\"Wenn Sie diese Felder durch einen Klick aktivieren, werden Informationen an Facebook, Twitter, Flattr, Xing, t3n, LinkedIn, Pinterest oder Google eventuell ins Ausland \\u00fcbertragen und unter Umst\\u00e4nden auch dort gespeichert. N\\u00e4heres erfahren Sie durch einen Klick auf das <em>i<\\\/em>.\",\"settings_perma\":\"Dauerhaft aktivieren und Daten\\u00fcber-tragung zustimmen:\",\"info_link\":\"http:\\\/\\\/www.heise.de\\\/ct\\\/artikel\\\/2-Klicks-fuer-mehr-Datenschutz-1333879.html\",\"uri\":\"https:\\\/\\\/blogs.uni-paderborn.de\\\/kraft-bildungsdoku\\\/2021\\\/02\\\/15\\\/startseite\\\/\",\"post_id\":330,\"post_title_referrer_track\":\"Herzlich+willkommen+auf+den+Seiten+der+KrafT+Bildungsdokumentation%21\",\"display_infobox\":\"on\"});}});\n\/* ]]> *\/<\/script><\/div>\n\n\n<p style=\"text-align: left;font-family: 'Century Gothic';font-size: 26pt\"><strong>KrafT Bildungsdokumentation<\/strong><\/p>\n\n\n\n<figure class=\"wp-block-gallery alignleft columns-1 wp-block-gallery-1 is-layout-flex wp-block-gallery-is-layout-flex\"><ul class=\"blocks-gallery-grid\"><li class=\"blocks-gallery-item\"><figure><img loading=\"lazy\" decoding=\"async\" width=\"1024\" height=\"609\" src=\"https:\/\/blogs.uni-paderborn.de\/kraft-bildungsdoku\/files\/2020\/10\/KrafT_Logo-1-1024x609.png\" alt=\"\" data-id=\"556\" data-link=\"https:\/\/blogs.uni-paderborn.de\/kraft-bildungsdoku\/2020\/10\/05\/startseite\/kraft_logo-1\/\" class=\"wp-image-556\" srcset=\"https:\/\/blogs.uni-paderborn.de\/kraft-bildungsdoku\/files\/2020\/10\/KrafT_Logo-1-1024x609.png 1024w, https:\/\/blogs.uni-paderborn.de\/kraft-bildungsdoku\/files\/2020\/10\/KrafT_Logo-1-300x178.png 300w, https:\/\/blogs.uni-paderborn.de\/kraft-bildungsdoku\/files\/2020\/10\/KrafT_Logo-1-768x456.png 768w, https:\/\/blogs.uni-paderborn.de\/kraft-bildungsdoku\/files\/2020\/10\/KrafT_Logo-1-500x297.png 500w, https:\/\/blogs.uni-paderborn.de\/kraft-bildungsdoku\/files\/2020\/10\/KrafT_Logo-1.png 1082w\" sizes=\"auto, (max-width: 1024px) 100vw, 1024px\" \/><\/figure><\/li><\/ul><\/figure>\n\n\n\n<p style=\"text-align: left;font-family: 'Century Gothic';font-size: 12pt\">Ein Verfahren zur st\u00e4rkenorientierten Bildungsdokumentation in der inklusiven Schule.<\/p>\n\n\n\n<p><p style=\"text-align: left;font-family: 'Century Gothic';font-size: 12pt\">KrafT steht f\u00fcr <strong>k<\/strong>ind- und <strong>r<\/strong>essourcenorientierte, <strong>a<\/strong>nalysebasierte, <strong>f<\/strong>ortschrittsorientierte Bildungsbegleitung im <strong>T<\/strong>eam.<\/p><\/p>\n\n\n\n<p>  <br><\/p>\n\n\n\n<p><p style=\"text-align: left;font-family: 'Century Gothic';font-size: 12pt\"><strong>Herzlich willkommen auf den Seiten der KrafT Bildungsdokumentation!<\/strong><\/p><\/p>\n\n\n\n<p><p style=\"text-align: left;font-family: 'Century Gothic';font-size: 12pt\">Um den mehrfach ge\u00e4u\u00dferten W\u00fcnschen und Bedarfen von Akteur*innen aus der p\u00e4dagogischen Praxis entsprechen zu k\u00f6nnen, wurde mit der KrafT Bildungsdokumentation ein Verfahren zur strukturierten und handhabbaren Bildungsdokumentation entwickelt. Dieses setzt konsequent an den St\u00e4rken und Bed\u00fcrfnissen des Kindes einschlie\u00dflich der Ressourcen seines sozialen Umfelds an. Es wurde speziell f\u00fcr den Einsatz in inklusiv arbeitenden Schulen und zum Austausch in multiprofessionellen Teams konzipiert.<\/p><\/p>\n\n\n\n<p><strong>Alles Wissenswerte rund um KrafT finden Sie auf diesen Seiten unseres neuen Blogs!&nbsp;<\/strong><\/p>\n\n\n\n<p><p style=\"text-align: left;font-family: 'Century Gothic';font-size: 12pt\">KrafT wird Ihnen nach Anmeldung kostenfrei per Email zugeschickt.<\/p><\/p>\n\n\n\n<p><p style=\"text-align: left;font-family: 'Century Gothic';font-size: 12pt\"><em>Petra B\u00fcker, Jana Herding und Teresa Antenbrink<\/em><\/p><\/p>\n\n\n\n<p><\/p>\n","protected":false},"excerpt":{"rendered":"<p>KrafT Bildungsdokumentation Ein Verfahren zur st\u00e4rkenorientierten Bildungsdokumentation in der inklusiven Schule. KrafT steht f\u00fcr kind- und ressourcenorientierte, analysebasierte, fortschrittsorientierte Bildungsbegleitung im Team. Herzlich willkommen auf den Seiten der KrafT Bildungsdokumentation! Um den mehrfach ge\u00e4u\u00dferten W\u00fcnschen und Bedarfen von Akteur*innen aus &hellip; <a href=\"https:\/\/blogs.uni-paderborn.de\/kraft-bildungsdoku\/2021\/02\/15\/startseite\/\">Weiterlesen <span class=\"meta-nav\">&rarr;<\/span><\/a><\/p>\n","protected":false},"author":8826,"featured_media":0,"comment_status":"closed","ping_status":"closed","sticky":true,"template":"","format":"standard","meta":{"footnotes":""},"categories":[1],"tags":[],"class_list":["post-330","post","type-post","status-publish","format-standard","hentry","category-allgemein"],"_links":{"self":[{"href":"https:\/\/blogs.uni-paderborn.de\/kraft-bildungsdoku\/wp-json\/wp\/v2\/posts\/330","targetHints":{"allow":["GET"]}}],"collection":[{"href":"https:\/\/blogs.uni-paderborn.de\/kraft-bildungsdoku\/wp-json\/wp\/v2\/posts"}],"about":[{"href":"https:\/\/blogs.uni-paderborn.de\/kraft-bildungsdoku\/wp-json\/wp\/v2\/types\/post"}],"author":[{"embeddable":true,"href":"https:\/\/blogs.uni-paderborn.de\/kraft-bildungsdoku\/wp-json\/wp\/v2\/users\/8826"}],"replies":[{"embeddable":true,"href":"https:\/\/blogs.uni-paderborn.de\/kraft-bildungsdoku\/wp-json\/wp\/v2\/comments?post=330"}],"version-history":[{"count":20,"href":"https:\/\/blogs.uni-paderborn.de\/kraft-bildungsdoku\/wp-json\/wp\/v2\/posts\/330\/revisions"}],"predecessor-version":[{"id":731,"href":"https:\/\/blogs.uni-paderborn.de\/kraft-bildungsdoku\/wp-json\/wp\/v2\/posts\/330\/revisions\/731"}],"wp:attachment":[{"href":"https:\/\/blogs.uni-paderborn.de\/kraft-bildungsdoku\/wp-json\/wp\/v2\/media?parent=330"}],"wp:term":[{"taxonomy":"category","embeddable":true,"href":"https:\/\/blogs.uni-paderborn.de\/kraft-bildungsdoku\/wp-json\/wp\/v2\/categories?post=330"},{"taxonomy":"post_tag","embeddable":true,"href":"https:\/\/blogs.uni-paderborn.de\/kraft-bildungsdoku\/wp-json\/wp\/v2\/tags?post=330"}],"curies":[{"name":"wp","href":"https:\/\/api.w.org\/{rel}","templated":true}]}}