{"id":217,"date":"2023-10-25T18:30:42","date_gmt":"2023-10-25T16:30:42","guid":{"rendered":"https:\/\/blogs.uni-paderborn.de\/filmsammlung\/?p=217"},"modified":"2023-10-26T15:46:21","modified_gmt":"2023-10-26T13:46:21","slug":"lynne-sachs","status":"publish","type":"post","link":"https:\/\/blogs.uni-paderborn.de\/filmsammlung\/lynne-sachs\/","title":{"rendered":"LYNNE SACHS: Zwischen Experiment und Dokument | 16.10.2023"},"content":{"rendered":"<div class=\"twoclick_social_bookmarks_post_217 social_share_privacy clearfix 1.6.4 locale-de_DE sprite-de_DE\"><\/div><div class=\"twoclick-js\"><script type=\"text\/javascript\">\/* <![CDATA[ *\/\njQuery(document).ready(function($){if($('.twoclick_social_bookmarks_post_217')){$('.twoclick_social_bookmarks_post_217').socialSharePrivacy({\"txt_help\":\"Wenn Sie diese Felder durch einen Klick aktivieren, werden Informationen an Facebook, Twitter, Flattr, Xing, t3n, LinkedIn, Pinterest oder Google eventuell ins Ausland \\u00fcbertragen und unter Umst\\u00e4nden auch dort gespeichert. N\\u00e4heres erfahren Sie durch einen Klick auf das <em>i<\\\/em>.\",\"settings_perma\":\"Dauerhaft aktivieren und Daten\\u00fcber-tragung zustimmen:\",\"info_link\":\"http:\\\/\\\/www.heise.de\\\/ct\\\/artikel\\\/2-Klicks-fuer-mehr-Datenschutz-1333879.html\",\"uri\":\"https:\\\/\\\/blogs.uni-paderborn.de\\\/filmsammlung\\\/lynne-sachs\\\/\",\"post_id\":217,\"post_title_referrer_track\":\"LYNNE+SACHS%3A+Zwischen+Experiment+und+Dokument+%7C+16.10.2023\",\"display_infobox\":\"on\"});}});\n\/* ]]> *\/<\/script><\/div>\n<p>Im Rahmen unserer Veranstaltungsreihe <strong><a rel=\"noreferrer noopener\" href=\"https:\/\/blogs.uni-paderborn.de\/filmsammlung\/2023\/10\/13\/100-jahre-16mm\/\" target=\"_blank\">100 JAHRE 16MM<\/a><\/strong> war am Montag, den 16.10.2023 die US-amerikanische Filmemacherin <a rel=\"noreferrer noopener\" href=\"http:\/\/www.lynnesachs.com\/\" target=\"_blank\">Lynne Sachs<\/a> am Institut f\u00fcr Medienwissenschaften zu Gast. Eine Gruppe Studierende aus dem Seminar\/Projekt &#8222;<em>Oberhausen trifft Paderborn<\/em>&#8220; hatte Sachs bei den Internationalen Kurzfilmtagen in Oberhausen getroffen, wo der Regisseurin eine Werkschau gewidmet war. Die Gespr\u00e4che \u00fcber Experimentalfilm, Filmkuratierung und Filmfestivals wurden nun bei ihrem Besuch an der Uni Paderborn fortgef\u00fchrt. Neben einer Auswahl von Sachs&#8216; neueren Arbeiten (zu sehen waren: <em>Girl is Presence<\/em> [2020], <em>Window Work<\/em> [2000], <em>Swerve<\/em> [2022], <em>E\u2022pis\u2022to\u2022lar\u2022y: letter to Jean Vigo<\/em> [2021] und <em>The Jitters<\/em> [2023])  wurden auch Filme aus dem Experimentalfilm-Archiv vorgef\u00fchrt und von Prof. Dr. em. Annette Brauerhoch vorgestellt. <\/p>\n\n\n\n<div class=\"wp-block-media-text has-media-on-the-right is-stacked-on-mobile\" style=\"grid-template-columns:auto 28%\"><div class=\"wp-block-media-text__content\">\n<p>Wir danken der <a href=\"https:\/\/www.uni-paderborn.de\/universitaet\/universitaetsgesellschaft-paderborn?get=params&amp;cHash=6aa8bec5712148b0c48bfbbb0228438c\" target=\"_blank\" rel=\"noreferrer noopener\">Universit\u00e4tsgesellschaft<\/a> der Universit\u00e4t Paderborn herzlich f\u00fcr die finanzielle Unterst\u00fctzung der Veranstaltung. <\/p>\n<\/div><figure class=\"wp-block-media-text__media\"><a href=\"https:\/\/www.uni-paderborn.de\/universitaet\/universitaetsgesellschaft-paderborn?get=params&amp;cHash=6aa8bec5712148b0c48bfbbb0228438c\" target=\"_blank\" rel=\"noreferrer noopener\"><img loading=\"lazy\" decoding=\"async\" width=\"1024\" height=\"525\" src=\"https:\/\/blogs.uni-paderborn.de\/filmsammlung\/files\/2023\/10\/21-7885_UPB_Universitaetsgesellschaft_Logo-mit-Unterzeile-1024x525.png\" alt=\"\" class=\"wp-image-221 size-full\" srcset=\"https:\/\/blogs.uni-paderborn.de\/filmsammlung\/files\/2023\/10\/21-7885_UPB_Universitaetsgesellschaft_Logo-mit-Unterzeile-1024x525.png 1024w, https:\/\/blogs.uni-paderborn.de\/filmsammlung\/files\/2023\/10\/21-7885_UPB_Universitaetsgesellschaft_Logo-mit-Unterzeile-300x154.png 300w, https:\/\/blogs.uni-paderborn.de\/filmsammlung\/files\/2023\/10\/21-7885_UPB_Universitaetsgesellschaft_Logo-mit-Unterzeile-768x393.png 768w, https:\/\/blogs.uni-paderborn.de\/filmsammlung\/files\/2023\/10\/21-7885_UPB_Universitaetsgesellschaft_Logo-mit-Unterzeile-1536x787.png 1536w, https:\/\/blogs.uni-paderborn.de\/filmsammlung\/files\/2023\/10\/21-7885_UPB_Universitaetsgesellschaft_Logo-mit-Unterzeile.png 1999w\" sizes=\"auto, (max-width: 1024px) 100vw, 1024px\" \/><\/a><\/figure><\/div>\n\n\n\n<hr class=\"wp-block-separator has-alpha-channel-opacity\" \/>\n\n\n\n<p><em><strong>VERANSTALTUNGSDETAILS<\/strong><\/em><\/p>\n\n\n\n<p class=\"has-tertiary-background-color has-background\"><strong>Mo | 16 | 10 | 2023<\/strong> | 11-14h | E2.122<br><br>PROJEKTION &amp; DISKUSSION<br><strong>Zwischen Experiment und Dokument<\/strong><br>Seminar mit der Filmemacherin <a rel=\"noreferrer noopener\" href=\"http:\/\/www.lynnesachs.com\/\" target=\"_blank\">Lynne Sachs<\/a> (New York) &amp; <em><a rel=\"noreferrer noopener\" href=\"https:\/\/www.cineplex.de\/film\/14-kurzfilmnacht-oberhausen-trifft-paderborn\/396737\/paderborn\/\" target=\"_blank\">Oberhausen trifft Paderborn<\/a><\/em><br><br>Im Rahmen der Veranstaltungsreihe <strong>100 JAHRE 16MM<\/strong> im Wintersemester 2023\/24.<\/p>\n\n\n\n<p><\/p>\n","protected":false},"excerpt":{"rendered":"<p>Im Rahmen unserer Veranstaltungsreihe 100 JAHRE 16MM war am Montag, den 16.10.2023 die US-amerikanische Filmemacherin Lynne Sachs am Institut f\u00fcr Medienwissenschaften zu Gast. Eine Gruppe Studierende aus dem Seminar\/Projekt &#8222;Oberhausen trifft Paderborn&#8220; hatte Sachs bei den Internationalen Kurzfilmtagen in Oberhausen getroffen, wo der Regisseurin eine Werkschau gewidmet war. Die Gespr\u00e4che \u00fcber Experimentalfilm, Filmkuratierung und Filmfestivals [&hellip;]<\/p>\n","protected":false},"author":9268,"featured_media":192,"comment_status":"closed","ping_status":"open","sticky":false,"template":"","format":"standard","meta":{"footnotes":""},"categories":[1,5],"tags":[],"class_list":["post-217","post","type-post","status-publish","format-standard","has-post-thumbnail","hentry","category-allgemein","category-veranstaltung"],"_links":{"self":[{"href":"https:\/\/blogs.uni-paderborn.de\/filmsammlung\/wp-json\/wp\/v2\/posts\/217","targetHints":{"allow":["GET"]}}],"collection":[{"href":"https:\/\/blogs.uni-paderborn.de\/filmsammlung\/wp-json\/wp\/v2\/posts"}],"about":[{"href":"https:\/\/blogs.uni-paderborn.de\/filmsammlung\/wp-json\/wp\/v2\/types\/post"}],"author":[{"embeddable":true,"href":"https:\/\/blogs.uni-paderborn.de\/filmsammlung\/wp-json\/wp\/v2\/users\/9268"}],"replies":[{"embeddable":true,"href":"https:\/\/blogs.uni-paderborn.de\/filmsammlung\/wp-json\/wp\/v2\/comments?post=217"}],"version-history":[{"count":3,"href":"https:\/\/blogs.uni-paderborn.de\/filmsammlung\/wp-json\/wp\/v2\/posts\/217\/revisions"}],"predecessor-version":[{"id":222,"href":"https:\/\/blogs.uni-paderborn.de\/filmsammlung\/wp-json\/wp\/v2\/posts\/217\/revisions\/222"}],"wp:featuredmedia":[{"embeddable":true,"href":"https:\/\/blogs.uni-paderborn.de\/filmsammlung\/wp-json\/wp\/v2\/media\/192"}],"wp:attachment":[{"href":"https:\/\/blogs.uni-paderborn.de\/filmsammlung\/wp-json\/wp\/v2\/media?parent=217"}],"wp:term":[{"taxonomy":"category","embeddable":true,"href":"https:\/\/blogs.uni-paderborn.de\/filmsammlung\/wp-json\/wp\/v2\/categories?post=217"},{"taxonomy":"post_tag","embeddable":true,"href":"https:\/\/blogs.uni-paderborn.de\/filmsammlung\/wp-json\/wp\/v2\/tags?post=217"}],"curies":[{"name":"wp","href":"https:\/\/api.w.org\/{rel}","templated":true}]}}