{"id":719,"date":"2017-07-11T12:02:02","date_gmt":"2017-07-11T10:02:02","guid":{"rendered":"https:\/\/blogs.uni-paderborn.de\/evth\/?p=719"},"modified":"2017-07-11T12:08:56","modified_gmt":"2017-07-11T10:08:56","slug":"luther-rallye-in-der-abdinghofkirche","status":"publish","type":"post","link":"https:\/\/blogs.uni-paderborn.de\/evth\/2017\/07\/11\/luther-rallye-in-der-abdinghofkirche\/","title":{"rendered":"Luther-Rallye in der Abdinghofkirche"},"content":{"rendered":"<div class=\"twoclick_social_bookmarks_post_719 social_share_privacy clearfix 1.6.4 locale-de_DE sprite-de_DE\"><\/div><div class=\"twoclick-js\"><script type=\"text\/javascript\">\/* <![CDATA[ *\/\njQuery(document).ready(function($){if($('.twoclick_social_bookmarks_post_719')){$('.twoclick_social_bookmarks_post_719').socialSharePrivacy({\"txt_help\":\"Wenn Sie diese Felder durch einen Klick aktivieren, werden Informationen an Facebook, Twitter, Flattr, Xing, t3n, LinkedIn, Pinterest oder Google eventuell ins Ausland \\u00fcbertragen und unter Umst\\u00e4nden auch dort gespeichert. N\\u00e4heres erfahren Sie durch einen Klick auf das <em>i<\\\/em>.\",\"settings_perma\":\"Dauerhaft aktivieren und Daten\\u00fcber-tragung zustimmen:\",\"info_link\":\"http:\\\/\\\/www.heise.de\\\/ct\\\/artikel\\\/2-Klicks-fuer-mehr-Datenschutz-1333879.html\",\"uri\":\"https:\\\/\\\/blogs.uni-paderborn.de\\\/evth\\\/2017\\\/07\\\/11\\\/luther-rallye-in-der-abdinghofkirche\\\/\",\"post_id\":719,\"post_title_referrer_track\":\"Luther-Rallye+in+der+Abdinghofkirche\",\"display_infobox\":\"on\"});}});\n\/* ]]> *\/<\/script><\/div><p><img loading=\"lazy\" decoding=\"async\" class=\"size-medium wp-image-723 alignleft\" src=\"https:\/\/blogs.uni-paderborn.de\/evth\/files\/2017\/07\/luthera-300x169.jpg\" alt=\"\" width=\"300\" height=\"169\" srcset=\"https:\/\/blogs.uni-paderborn.de\/evth\/files\/2017\/07\/luthera-300x169.jpg 300w, https:\/\/blogs.uni-paderborn.de\/evth\/files\/2017\/07\/luthera-768x432.jpg 768w, https:\/\/blogs.uni-paderborn.de\/evth\/files\/2017\/07\/luthera-1024x576.jpg 1024w, https:\/\/blogs.uni-paderborn.de\/evth\/files\/2017\/07\/luthera-1200x675.jpg 1200w, https:\/\/blogs.uni-paderborn.de\/evth\/files\/2017\/07\/luthera.jpg 1239w\" sizes=\"auto, (max-width: 300px) 85vw, 300px\" \/>Am 02.07.2017 fand die Luther-Rallye in der Abdinghofkirche Paderborn statt. Diese wurde anl\u00e4sslich des Gemeindefestes, bei dem die Viertkl\u00e4ssler_innen der Lutherschule feierlich verabschiedet wurden, von <!--more-->Studierenden im Rahmen des Seminars \u201eMartin Luther in der Grundschule\u201c unter der Leitung von Vera Uppenkamp vorbereitet.<\/p>\n<p><img loading=\"lazy\" decoding=\"async\" class=\"size-medium wp-image-725 alignleft\" src=\"https:\/\/blogs.uni-paderborn.de\/evth\/files\/2017\/07\/lutherb-300x169.jpg\" alt=\"\" width=\"300\" height=\"169\" srcset=\"https:\/\/blogs.uni-paderborn.de\/evth\/files\/2017\/07\/lutherb-300x169.jpg 300w, https:\/\/blogs.uni-paderborn.de\/evth\/files\/2017\/07\/lutherb-768x432.jpg 768w, https:\/\/blogs.uni-paderborn.de\/evth\/files\/2017\/07\/lutherb-1024x576.jpg 1024w, https:\/\/blogs.uni-paderborn.de\/evth\/files\/2017\/07\/lutherb-1200x675.jpg 1200w, https:\/\/blogs.uni-paderborn.de\/evth\/files\/2017\/07\/lutherb.jpg 1239w\" sizes=\"auto, (max-width: 300px) 85vw, 300px\" \/>Im Anschluss an den Gottesdienst am Vormittag konnten die Kinder zwei Stunden lang die sehr vielf\u00e4ltig und liebevoll gestalteten Stationen besuchen und dabei ihr Wissen zu Martin Luther in einem Quiz testen, eigene Lutherbeutel gestalten und sich im Gewitterzimmer in die Situation des jungen Luthers hineinversetzen, in der erst beschlie\u00dft M\u00f6nch zu werden. An der Station \u201eLuthers gr\u00fcner Daumen\u201c konnten die Kinder diverse Kr\u00e4uter eines Klostergartens mit allen Sinnen kennenlernen und auch eigene Kr\u00e4uter pflanzen. An einer weiteren Station \u00fcbersetzten sie \u2013\u00a0 genau wie damals Martin Luther auf der Wartburg \u2013 einen Bibelvers. Zum Abschluss gab es f\u00fcr die Teilnehmer_innen eine Urkunde und einen Schl\u00fcsselanh\u00e4nger.<\/p>\n<p>Die Studierenden hatten gro\u00dfe Freude an der Vorbereit<img loading=\"lazy\" decoding=\"async\" class=\"size-medium wp-image-727 alignright\" src=\"https:\/\/blogs.uni-paderborn.de\/evth\/files\/2017\/07\/lutherc-300x169.jpg\" alt=\"\" width=\"300\" height=\"169\" srcset=\"https:\/\/blogs.uni-paderborn.de\/evth\/files\/2017\/07\/lutherc-300x169.jpg 300w, https:\/\/blogs.uni-paderborn.de\/evth\/files\/2017\/07\/lutherc-768x432.jpg 768w, https:\/\/blogs.uni-paderborn.de\/evth\/files\/2017\/07\/lutherc-1024x576.jpg 1024w, https:\/\/blogs.uni-paderborn.de\/evth\/files\/2017\/07\/lutherc-1200x675.jpg 1200w, https:\/\/blogs.uni-paderborn.de\/evth\/files\/2017\/07\/lutherc.jpg 1239w\" sizes=\"auto, (max-width: 300px) 85vw, 300px\" \/>ung der Luther-Rallye und auch an dem Tag der Rallye selbst. Besonders gefielen ihnen die Arbeit mit den Kindern und die Umsetzung des im Seminar Gelernten in die Praxis.<\/p>\n","protected":false},"excerpt":{"rendered":"<p>Am 02.07.2017 fand die Luther-Rallye in der Abdinghofkirche Paderborn statt. Diese wurde anl\u00e4sslich des Gemeindefestes, bei dem die Viertkl\u00e4ssler_innen der Lutherschule feierlich verabschiedet wurden, von<\/p>\n","protected":false},"author":7592,"featured_media":0,"comment_status":"closed","ping_status":"open","sticky":false,"template":"","format":"standard","meta":{"footnotes":""},"categories":[171,62,82,52],"tags":[],"class_list":["post-719","post","type-post","status-publish","format-standard","hentry","category-vera-uppenkamp","category-kirchengeschichte","category-praktische-theologie","category-religionspaedagogik"],"_links":{"self":[{"href":"https:\/\/blogs.uni-paderborn.de\/evth\/wp-json\/wp\/v2\/posts\/719","targetHints":{"allow":["GET"]}}],"collection":[{"href":"https:\/\/blogs.uni-paderborn.de\/evth\/wp-json\/wp\/v2\/posts"}],"about":[{"href":"https:\/\/blogs.uni-paderborn.de\/evth\/wp-json\/wp\/v2\/types\/post"}],"author":[{"embeddable":true,"href":"https:\/\/blogs.uni-paderborn.de\/evth\/wp-json\/wp\/v2\/users\/7592"}],"replies":[{"embeddable":true,"href":"https:\/\/blogs.uni-paderborn.de\/evth\/wp-json\/wp\/v2\/comments?post=719"}],"version-history":[{"count":4,"href":"https:\/\/blogs.uni-paderborn.de\/evth\/wp-json\/wp\/v2\/posts\/719\/revisions"}],"predecessor-version":[{"id":733,"href":"https:\/\/blogs.uni-paderborn.de\/evth\/wp-json\/wp\/v2\/posts\/719\/revisions\/733"}],"wp:attachment":[{"href":"https:\/\/blogs.uni-paderborn.de\/evth\/wp-json\/wp\/v2\/media?parent=719"}],"wp:term":[{"taxonomy":"category","embeddable":true,"href":"https:\/\/blogs.uni-paderborn.de\/evth\/wp-json\/wp\/v2\/categories?post=719"},{"taxonomy":"post_tag","embeddable":true,"href":"https:\/\/blogs.uni-paderborn.de\/evth\/wp-json\/wp\/v2\/tags?post=719"}],"curies":[{"name":"wp","href":"https:\/\/api.w.org\/{rel}","templated":true}]}}