{"id":666,"date":"2017-06-01T14:25:36","date_gmt":"2017-06-01T12:25:36","guid":{"rendered":"https:\/\/blogs.uni-paderborn.de\/evth\/?p=666"},"modified":"2017-06-01T14:33:22","modified_gmt":"2017-06-01T12:33:22","slug":"besuch-der-lutherschule-paderborn","status":"publish","type":"post","link":"https:\/\/blogs.uni-paderborn.de\/evth\/2017\/06\/01\/besuch-der-lutherschule-paderborn\/","title":{"rendered":"Besuch der Lutherschule Paderborn"},"content":{"rendered":"<div class=\"twoclick_social_bookmarks_post_666 social_share_privacy clearfix 1.6.4 locale-de_DE sprite-de_DE\"><\/div><div class=\"twoclick-js\"><script type=\"text\/javascript\">\/* <![CDATA[ *\/\njQuery(document).ready(function($){if($('.twoclick_social_bookmarks_post_666')){$('.twoclick_social_bookmarks_post_666').socialSharePrivacy({\"txt_help\":\"Wenn Sie diese Felder durch einen Klick aktivieren, werden Informationen an Facebook, Twitter, Flattr, Xing, t3n, LinkedIn, Pinterest oder Google eventuell ins Ausland \\u00fcbertragen und unter Umst\\u00e4nden auch dort gespeichert. N\\u00e4heres erfahren Sie durch einen Klick auf das <em>i<\\\/em>.\",\"settings_perma\":\"Dauerhaft aktivieren und Daten\\u00fcber-tragung zustimmen:\",\"info_link\":\"http:\\\/\\\/www.heise.de\\\/ct\\\/artikel\\\/2-Klicks-fuer-mehr-Datenschutz-1333879.html\",\"uri\":\"https:\\\/\\\/blogs.uni-paderborn.de\\\/evth\\\/2017\\\/06\\\/01\\\/besuch-der-lutherschule-paderborn\\\/\",\"post_id\":666,\"post_title_referrer_track\":\"Besuch+der+Lutherschule+Paderborn\",\"display_infobox\":\"on\"});}});\n\/* ]]> *\/<\/script><\/div><p>Am 19.05.2017 besuchten sieben Studierende im Rahmen des Seminars <img loading=\"lazy\" decoding=\"async\" class=\"size-medium wp-image-672 alignleft\" src=\"https:\/\/blogs.uni-paderborn.de\/evth\/files\/2017\/06\/lutherschule2-300x169.jpg\" alt=\"\" width=\"300\" height=\"169\" srcset=\"https:\/\/blogs.uni-paderborn.de\/evth\/files\/2017\/06\/lutherschule2-300x169.jpg 300w, https:\/\/blogs.uni-paderborn.de\/evth\/files\/2017\/06\/lutherschule2-768x432.jpg 768w, https:\/\/blogs.uni-paderborn.de\/evth\/files\/2017\/06\/lutherschule2-1024x576.jpg 1024w, https:\/\/blogs.uni-paderborn.de\/evth\/files\/2017\/06\/lutherschule2-1200x675.jpg 1200w, https:\/\/blogs.uni-paderborn.de\/evth\/files\/2017\/06\/lutherschule2.jpg 1423w\" sizes=\"auto, (max-width: 300px) 85vw, 300px\" \/>\u201eMartin Luther in der Grundschule\u201c von Vera Uppenkamp die Lutherschule Paderborn, welche die einzige evangelische Bekenntnisschule in Paderborn ist. Im Jahr des <!--more-->Reformationsjubil\u00e4ums fand dort vom 15.-19. Mai eine Projektwoche zu Martin Luther statt, an der alle Kinder und Lehrkr\u00e4fte beteiligt waren. In der Grundschule direkt neben der Abdinghofkirche pr\u00e4sentierten die Sch\u00fcler_innen am letzten Tag der Projektwoche stolz, was sie zu Martin Luther und die Zeit der Reformation erarbeitet hatten. In den Klassenr\u00e4umen waren Luther-Leserollen, selbstgebastelte Barette und Plakate zu gro\u00dfen K\u00fcnstlern der Reformationszeit zu bestaunen. Die Studierenden konnten bei einem Rundgang durch die Ausstellungsr\u00e4ume in der Schule mit den Kindern ins Gespr\u00e4ch kommen, von ihnen erfahren, wie sie in den Tagen zuvor gearbeitet haben und was sie interessierten Besucher_innen besonders gerne zeigen wollen.<\/p>\n<p><img loading=\"lazy\" decoding=\"async\" class=\"size-medium wp-image-670 alignleft\" src=\"https:\/\/blogs.uni-paderborn.de\/evth\/files\/2017\/06\/lutherschule1-300x169.jpg\" alt=\"\" width=\"300\" height=\"169\" srcset=\"https:\/\/blogs.uni-paderborn.de\/evth\/files\/2017\/06\/lutherschule1-300x169.jpg 300w, https:\/\/blogs.uni-paderborn.de\/evth\/files\/2017\/06\/lutherschule1-768x432.jpg 768w, https:\/\/blogs.uni-paderborn.de\/evth\/files\/2017\/06\/lutherschule1-1024x576.jpg 1024w, https:\/\/blogs.uni-paderborn.de\/evth\/files\/2017\/06\/lutherschule1-1200x675.jpg 1200w, https:\/\/blogs.uni-paderborn.de\/evth\/files\/2017\/06\/lutherschule1.jpg 1362w\" sizes=\"auto, (max-width: 300px) 85vw, 300px\" \/>Da die Seminarteilnehmer_innen f\u00fcr das Gemeindefest im Juli, an dem auch viele Kinder der Lutherschule teilnehmen werden, eine Luther-Rallye durch die Abdinghofkirche vorbereiten, konnten sie den Besuch nutzen, um herauszufinden, was die Sch\u00fcler_innen bereits \u00fcber Martin Luther und die Reformation wissen \u2013 \u00fcbrigens beeindruckend viel!<img loading=\"lazy\" decoding=\"async\" class=\"size-medium wp-image-674 alignleft\" src=\"https:\/\/blogs.uni-paderborn.de\/evth\/files\/2017\/06\/lutherschule3-300x169.jpg\" alt=\"\" width=\"300\" height=\"169\" srcset=\"https:\/\/blogs.uni-paderborn.de\/evth\/files\/2017\/06\/lutherschule3-300x169.jpg 300w, https:\/\/blogs.uni-paderborn.de\/evth\/files\/2017\/06\/lutherschule3-768x432.jpg 768w, https:\/\/blogs.uni-paderborn.de\/evth\/files\/2017\/06\/lutherschule3.jpg 953w\" sizes=\"auto, (max-width: 300px) 85vw, 300px\" \/><\/p>\n<p>Abgerundet wurde der Nachmittag durch die\u00a0Auff\u00fchrung des Kindermusicals \u201eMartin Luther\u201c. Die Sch\u00fcler_innen der 4. Klassen sangen unter der Leitung von KMD Martin Hoffmann Lieder \u00fcber die Stationen im Leben Luthers, die dazu gef\u00fchrt haben, dass in diesem Jahr das Reformationsjubil\u00e4um gefeiert wird.<\/p>\n","protected":false},"excerpt":{"rendered":"<p>Am 19.05.2017 besuchten sieben Studierende im Rahmen des Seminars \u201eMartin Luther in der Grundschule\u201c von Vera Uppenkamp die Lutherschule Paderborn, welche die einzige evangelische Bekenntnisschule in Paderborn ist. Im Jahr des<\/p>\n","protected":false},"author":7592,"featured_media":0,"comment_status":"closed","ping_status":"open","sticky":false,"template":"","format":"standard","meta":{"footnotes":""},"categories":[171,62,82,52],"tags":[],"class_list":["post-666","post","type-post","status-publish","format-standard","hentry","category-vera-uppenkamp","category-kirchengeschichte","category-praktische-theologie","category-religionspaedagogik"],"_links":{"self":[{"href":"https:\/\/blogs.uni-paderborn.de\/evth\/wp-json\/wp\/v2\/posts\/666","targetHints":{"allow":["GET"]}}],"collection":[{"href":"https:\/\/blogs.uni-paderborn.de\/evth\/wp-json\/wp\/v2\/posts"}],"about":[{"href":"https:\/\/blogs.uni-paderborn.de\/evth\/wp-json\/wp\/v2\/types\/post"}],"author":[{"embeddable":true,"href":"https:\/\/blogs.uni-paderborn.de\/evth\/wp-json\/wp\/v2\/users\/7592"}],"replies":[{"embeddable":true,"href":"https:\/\/blogs.uni-paderborn.de\/evth\/wp-json\/wp\/v2\/comments?post=666"}],"version-history":[{"count":4,"href":"https:\/\/blogs.uni-paderborn.de\/evth\/wp-json\/wp\/v2\/posts\/666\/revisions"}],"predecessor-version":[{"id":680,"href":"https:\/\/blogs.uni-paderborn.de\/evth\/wp-json\/wp\/v2\/posts\/666\/revisions\/680"}],"wp:attachment":[{"href":"https:\/\/blogs.uni-paderborn.de\/evth\/wp-json\/wp\/v2\/media?parent=666"}],"wp:term":[{"taxonomy":"category","embeddable":true,"href":"https:\/\/blogs.uni-paderborn.de\/evth\/wp-json\/wp\/v2\/categories?post=666"},{"taxonomy":"post_tag","embeddable":true,"href":"https:\/\/blogs.uni-paderborn.de\/evth\/wp-json\/wp\/v2\/tags?post=666"}],"curies":[{"name":"wp","href":"https:\/\/api.w.org\/{rel}","templated":true}]}}