{"id":2454,"date":"2026-02-23T22:06:16","date_gmt":"2026-02-23T21:06:16","guid":{"rendered":"https:\/\/blogs.uni-paderborn.de\/evth\/?p=2454"},"modified":"2026-02-23T22:14:10","modified_gmt":"2026-02-23T21:14:10","slug":"zweiter-multireligioeser-erlebnistag-theologie-upb-ist-ein-voller-erfolg","status":"publish","type":"post","link":"https:\/\/blogs.uni-paderborn.de\/evth\/2026\/02\/23\/zweiter-multireligioeser-erlebnistag-theologie-upb-ist-ein-voller-erfolg\/","title":{"rendered":"Zweiter Multireligi\u00f6ser Erlebnistag Theologie @UPB ist ein voller Erfolg"},"content":{"rendered":"<div class=\"twoclick_social_bookmarks_post_2454 social_share_privacy clearfix 1.6.4 locale-de_DE sprite-de_DE\"><\/div><div class=\"twoclick-js\"><script type=\"text\/javascript\">\/* <![CDATA[ *\/\njQuery(document).ready(function($){if($('.twoclick_social_bookmarks_post_2454')){$('.twoclick_social_bookmarks_post_2454').socialSharePrivacy({\"txt_help\":\"Wenn Sie diese Felder durch einen Klick aktivieren, werden Informationen an Facebook, Twitter, Flattr, Xing, t3n, LinkedIn, Pinterest oder Google eventuell ins Ausland \\u00fcbertragen und unter Umst\\u00e4nden auch dort gespeichert. N\\u00e4heres erfahren Sie durch einen Klick auf das <em>i<\\\/em>.\",\"settings_perma\":\"Dauerhaft aktivieren und Daten\\u00fcber-tragung zustimmen:\",\"info_link\":\"http:\\\/\\\/www.heise.de\\\/ct\\\/artikel\\\/2-Klicks-fuer-mehr-Datenschutz-1333879.html\",\"uri\":\"https:\\\/\\\/blogs.uni-paderborn.de\\\/evth\\\/2026\\\/02\\\/23\\\/zweiter-multireligioeser-erlebnistag-theologie-upb-ist-ein-voller-erfolg\\\/\",\"post_id\":2454,\"post_title_referrer_track\":\"Zweiter+Multireligi%C3%B6ser+Erlebnistag+Theologie+%40UPB+ist+ein+voller+Erfolg\",\"display_infobox\":\"on\"});}});\n\/* ]]> *\/<\/script><\/div><p>Nachdem erfolgreichen Auftakt im letzten Jahr war es am 11.02.2026 wieder so weit. Knapp 250 Sch\u00fcler*innen und Lehrkr\u00e4fte \u2013 ein deutliches Plus im Vergleich zum Vorjahr \u2013 kamen an die Uni Paderborn, um in das Theologiestudium hineinzuschnuppern und das Unileben kennenzulernen. Die gemeinsam von den Instituten f\u00fcr Evangelische, Islamische und Katholische Theologie, dem ZeKK und dem Interreligi\u00f6sen Fachschaftsrat durchgef\u00fchrte Veranstaltung war bereits kurz vor dem offiziellen Anmeldeschluss ausgebucht.<!--more--><\/p>\n<p>Nicht nur aus dem Kreis Paderborn, sondern sogar aus Dortmund und Hamm kamen Kurse angereist. Die Sch\u00fcler*innen konnten in 13 interaktiven Workshops z.B. herausfinden, was KIs zum Islam zu sagen haben, wo die Bibel falsch \u00fcbersetzt und missinterpretiert wurde, was grundlegende Glaubensinhalte des Buddhismus sind und wie Komparative Theologie Stereotype, wie sie z.B. in Kom\u00f6dien genutzt werden, dekonstruieren kann. Besonders erfreulich war, dass mit einem Workshop zum brandaktuellen Thema Nachhaltigkeit und Klimawandel in diesem Jahr auch das Seminar f\u00fcr J\u00fcdische Studien vertreten war. In der Studienberatung und im TheoCaf\u00e9 kam man schnell ins Gespr\u00e4ch und beim TheoPong konnte das Wissen zu den Weltreligionen spielerisch auf die Probe gestellt werden. Snacks, Getr\u00e4nke und ein anschlie\u00dfender kostenfreier Mensabesuch rundeten das Programm ab. Das Feedback von Sch\u00fcler*innen und Lehrkr\u00e4ften war insgesamt sehr positiv, so dass fest steht: auch 2027 soll es einen Erlebnistag geben.<br \/>In der Bildergalerie kann man sich einen kleinen Einblick verschaffen. Von den Schulen der Brede gibt es zudem einen Instagram Post mit ihren Eindr\u00fccken: <a href=\"https:\/\/www.instagram.com\/p\/DU0mToZDD6v\/?img_index=1&amp;igsh=MTBwejBjMTR1bWlkZw%3D%3D\">https:\/\/www.instagram.com\/p\/DU0mToZDD6v\/?img_index=1&amp;igsh=MTBwejBjMTR1bWlkZw%3D%3D<\/a><\/p>\n\n\n<figure class=\"wp-block-gallery has-nested-images columns-default is-cropped wp-block-gallery-1 is-layout-flex wp-block-gallery-is-layout-flex\">\n<figure class=\"wp-block-image size-large\"><img loading=\"lazy\" decoding=\"async\" width=\"461\" height=\"1024\" data-id=\"2464\" src=\"https:\/\/blogs.uni-paderborn.de\/evth\/files\/2026\/02\/IMG_20260211_115901-1-461x1024.jpg\" alt=\"\" class=\"wp-image-2464\" srcset=\"https:\/\/blogs.uni-paderborn.de\/evth\/files\/2026\/02\/IMG_20260211_115901-1-461x1024.jpg 461w, https:\/\/blogs.uni-paderborn.de\/evth\/files\/2026\/02\/IMG_20260211_115901-1-135x300.jpg 135w, https:\/\/blogs.uni-paderborn.de\/evth\/files\/2026\/02\/IMG_20260211_115901-1-768x1706.jpg 768w, https:\/\/blogs.uni-paderborn.de\/evth\/files\/2026\/02\/IMG_20260211_115901-1-692x1536.jpg 692w, https:\/\/blogs.uni-paderborn.de\/evth\/files\/2026\/02\/IMG_20260211_115901-1-922x2048.jpg 922w, https:\/\/blogs.uni-paderborn.de\/evth\/files\/2026\/02\/IMG_20260211_115901-1-1200x2666.jpg 1200w, https:\/\/blogs.uni-paderborn.de\/evth\/files\/2026\/02\/IMG_20260211_115901-1-scaled.jpg 1153w\" sizes=\"auto, (max-width: 461px) 85vw, 461px\" \/><\/figure>\n\n\n\n<figure class=\"wp-block-image size-large\"><img loading=\"lazy\" decoding=\"async\" width=\"461\" height=\"1024\" data-id=\"2462\" src=\"https:\/\/blogs.uni-paderborn.de\/evth\/files\/2026\/02\/IMG_20260211_115255-1-461x1024.jpg\" alt=\"\" class=\"wp-image-2462\" srcset=\"https:\/\/blogs.uni-paderborn.de\/evth\/files\/2026\/02\/IMG_20260211_115255-1-461x1024.jpg 461w, https:\/\/blogs.uni-paderborn.de\/evth\/files\/2026\/02\/IMG_20260211_115255-1-135x300.jpg 135w, https:\/\/blogs.uni-paderborn.de\/evth\/files\/2026\/02\/IMG_20260211_115255-1-768x1706.jpg 768w, https:\/\/blogs.uni-paderborn.de\/evth\/files\/2026\/02\/IMG_20260211_115255-1-692x1536.jpg 692w, https:\/\/blogs.uni-paderborn.de\/evth\/files\/2026\/02\/IMG_20260211_115255-1-922x2048.jpg 922w, https:\/\/blogs.uni-paderborn.de\/evth\/files\/2026\/02\/IMG_20260211_115255-1-1200x2666.jpg 1200w, https:\/\/blogs.uni-paderborn.de\/evth\/files\/2026\/02\/IMG_20260211_115255-1-scaled.jpg 1153w\" sizes=\"auto, (max-width: 461px) 85vw, 461px\" \/><\/figure>\n<\/figure>\n\n\n\n<figure class=\"wp-block-gallery has-nested-images columns-default is-cropped wp-block-gallery-2 is-layout-flex wp-block-gallery-is-layout-flex\">\n<figure class=\"wp-block-image size-large\"><img loading=\"lazy\" decoding=\"async\" width=\"461\" height=\"1024\" data-id=\"2465\" src=\"https:\/\/blogs.uni-paderborn.de\/evth\/files\/2026\/02\/IMG_20260211_115640-461x1024.jpg\" alt=\"\" class=\"wp-image-2465\" srcset=\"https:\/\/blogs.uni-paderborn.de\/evth\/files\/2026\/02\/IMG_20260211_115640-461x1024.jpg 461w, https:\/\/blogs.uni-paderborn.de\/evth\/files\/2026\/02\/IMG_20260211_115640-135x300.jpg 135w, https:\/\/blogs.uni-paderborn.de\/evth\/files\/2026\/02\/IMG_20260211_115640-768x1706.jpg 768w, https:\/\/blogs.uni-paderborn.de\/evth\/files\/2026\/02\/IMG_20260211_115640-692x1536.jpg 692w, https:\/\/blogs.uni-paderborn.de\/evth\/files\/2026\/02\/IMG_20260211_115640-922x2048.jpg 922w, https:\/\/blogs.uni-paderborn.de\/evth\/files\/2026\/02\/IMG_20260211_115640-1200x2666.jpg 1200w, https:\/\/blogs.uni-paderborn.de\/evth\/files\/2026\/02\/IMG_20260211_115640-scaled.jpg 1153w\" sizes=\"auto, (max-width: 461px) 85vw, 461px\" \/><\/figure>\n<\/figure>\n","protected":false},"excerpt":{"rendered":"<p>Nachdem erfolgreichen Auftakt im letzten Jahr war es am 11.02.2026 wieder so weit. Knapp 250 Sch\u00fcler*innen und Lehrkr\u00e4fte \u2013 ein deutliches Plus im Vergleich zum Vorjahr \u2013 kamen an die Uni Paderborn, um in das Theologiestudium hineinzuschnuppern und das Unileben kennenzulernen. Die gemeinsam von den Instituten f\u00fcr Evangelische, Islamische und Katholische Theologie, dem ZeKK und &hellip; <a href=\"https:\/\/blogs.uni-paderborn.de\/evth\/2026\/02\/23\/zweiter-multireligioeser-erlebnistag-theologie-upb-ist-ein-voller-erfolg\/\" class=\"more-link\"><span class=\"screen-reader-text\">\u201eZweiter Multireligi\u00f6ser Erlebnistag Theologie @UPB ist ein voller Erfolg\u201c <\/span>weiterlesen<\/a><\/p>\n","protected":false},"author":7592,"featured_media":2467,"comment_status":"closed","ping_status":"open","sticky":false,"template":"","format":"standard","meta":{"footnotes":""},"categories":[1,174,368,112,359,204,62,122,82,167],"tags":[],"class_list":["post-2454","post","type-post","status-publish","format-standard","has-post-thumbnail","hentry","category-allgemein","category-biblische-theologie","category-dr-s-niepert-rumel","category-institut","category-interdisziplinaerer-austausch","category-interreligioeser-dialog","category-kirchengeschichte","category-neues-testament","category-praktische-theologie","category-systematische-theologie"],"_links":{"self":[{"href":"https:\/\/blogs.uni-paderborn.de\/evth\/wp-json\/wp\/v2\/posts\/2454","targetHints":{"allow":["GET"]}}],"collection":[{"href":"https:\/\/blogs.uni-paderborn.de\/evth\/wp-json\/wp\/v2\/posts"}],"about":[{"href":"https:\/\/blogs.uni-paderborn.de\/evth\/wp-json\/wp\/v2\/types\/post"}],"author":[{"embeddable":true,"href":"https:\/\/blogs.uni-paderborn.de\/evth\/wp-json\/wp\/v2\/users\/7592"}],"replies":[{"embeddable":true,"href":"https:\/\/blogs.uni-paderborn.de\/evth\/wp-json\/wp\/v2\/comments?post=2454"}],"version-history":[{"count":6,"href":"https:\/\/blogs.uni-paderborn.de\/evth\/wp-json\/wp\/v2\/posts\/2454\/revisions"}],"predecessor-version":[{"id":2468,"href":"https:\/\/blogs.uni-paderborn.de\/evth\/wp-json\/wp\/v2\/posts\/2454\/revisions\/2468"}],"wp:featuredmedia":[{"embeddable":true,"href":"https:\/\/blogs.uni-paderborn.de\/evth\/wp-json\/wp\/v2\/media\/2467"}],"wp:attachment":[{"href":"https:\/\/blogs.uni-paderborn.de\/evth\/wp-json\/wp\/v2\/media?parent=2454"}],"wp:term":[{"taxonomy":"category","embeddable":true,"href":"https:\/\/blogs.uni-paderborn.de\/evth\/wp-json\/wp\/v2\/categories?post=2454"},{"taxonomy":"post_tag","embeddable":true,"href":"https:\/\/blogs.uni-paderborn.de\/evth\/wp-json\/wp\/v2\/tags?post=2454"}],"curies":[{"name":"wp","href":"https:\/\/api.w.org\/{rel}","templated":true}]}}