{"id":2449,"date":"2026-02-23T09:58:44","date_gmt":"2026-02-23T08:58:44","guid":{"rendered":"https:\/\/blogs.uni-paderborn.de\/evth\/?p=2449"},"modified":"2026-02-23T22:14:30","modified_gmt":"2026-02-23T21:14:30","slug":"ueber-die-anderen-unterrichten-in-christentum-und-islam","status":"publish","type":"post","link":"https:\/\/blogs.uni-paderborn.de\/evth\/2026\/02\/23\/ueber-die-anderen-unterrichten-in-christentum-und-islam\/","title":{"rendered":"\u00dcber die Anderen unterrichten in Christentum und Islam"},"content":{"rendered":"<div class=\"twoclick_social_bookmarks_post_2449 social_share_privacy clearfix 1.6.4 locale-de_DE sprite-de_DE\"><\/div><div class=\"twoclick-js\"><script type=\"text\/javascript\">\/* <![CDATA[ *\/\njQuery(document).ready(function($){if($('.twoclick_social_bookmarks_post_2449')){$('.twoclick_social_bookmarks_post_2449').socialSharePrivacy({\"txt_help\":\"Wenn Sie diese Felder durch einen Klick aktivieren, werden Informationen an Facebook, Twitter, Flattr, Xing, t3n, LinkedIn, Pinterest oder Google eventuell ins Ausland \\u00fcbertragen und unter Umst\\u00e4nden auch dort gespeichert. N\\u00e4heres erfahren Sie durch einen Klick auf das <em>i<\\\/em>.\",\"settings_perma\":\"Dauerhaft aktivieren und Daten\\u00fcber-tragung zustimmen:\",\"info_link\":\"http:\\\/\\\/www.heise.de\\\/ct\\\/artikel\\\/2-Klicks-fuer-mehr-Datenschutz-1333879.html\",\"uri\":\"https:\\\/\\\/blogs.uni-paderborn.de\\\/evth\\\/2026\\\/02\\\/23\\\/ueber-die-anderen-unterrichten-in-christentum-und-islam\\\/\",\"post_id\":2449,\"post_title_referrer_track\":\"%C3%9Cber+die+Anderen+unterrichten+in+Christentum+und+Islam\",\"display_infobox\":\"on\"});}});\n\/* ]]> *\/<\/script><\/div>\n<p>Am 10. und 11. Februar 2026 fand das 5. Arbeitstreffen des DFG-Netzwerks \u201e\u00dcber die Anderen unterrichten in Christentum und Islam \u2014 Theologiedidaktische Forschungsimpulse zur Weiterentwicklung der interreligi\u00f6sen Studienanteile in der Hochschullehre\u201c im Haus Ohrbeck (Georgsmarienh\u00fctte) statt.<\/p>\n\n\n\n<!--more-->\n\n\n\n<p>Im Mittelpunkt stand die Frage, wie interreligi\u00f6se Studienanteile in der christlichen und islamischen Religionslehrkr\u00e4ftebildung als eigenst\u00e4ndiges Forschungsfeld der Hochschuldidaktik weiterentwickelt werden k\u00f6nnen . Das Treffen kn\u00fcpfte an die f\u00fcnf Netzwerk-Schwerpunkte an und setzte Impulse f\u00fcr einen strukturierten Diskurs zur Qualit\u00e4tsentwicklung interreligi\u00f6sen Lernens mit dem Ziel, Hochschullehre st\u00e4rker als Ort der Professionalisierung und Forschung zu profilieren.<\/p>\n\n\n\n<p>Die Ergebnisse des Netzwerks werden in der n\u00e4chsten Ausgabe von Theo-Web ver\u00f6ffentlicht.<\/p>\n\n\n\n<p>Im Projektnetzwerk wirken aus den Paderborner Instituten f\u00fcr Theologien Jun.-Prof. Naciye Kamcili-Yildiz (islamische Theologie), Prof. Dr. Marion Keuchen (evangelische Theologie) und Prof. Dr. Dr. Oliver Reis (katholische Theologie) mit.<\/p>\n\n\n\n<p>Autorin: Naciye Kamcili-Yildiz<\/p>\n\n\n\n<p>Foto: Marion Keuchen<\/p>\n","protected":false},"excerpt":{"rendered":"<p>Am 10. und 11. Februar 2026 fand das 5. Arbeitstreffen des DFG-Netzwerks \u201e\u00dcber die Anderen unterrichten in Christentum und Islam \u2014 Theologiedidaktische Forschungsimpulse zur Weiterentwicklung der interreligi\u00f6sen Studienanteile in der Hochschullehre\u201c im Haus Ohrbeck (Georgsmarienh\u00fctte) statt.<\/p>\n","protected":false},"author":9561,"featured_media":2450,"comment_status":"closed","ping_status":"open","sticky":false,"template":"","format":"standard","meta":{"footnotes":""},"categories":[1,112,204,202,157],"tags":[],"class_list":["post-2449","post","type-post","status-publish","format-standard","has-post-thumbnail","hentry","category-allgemein","category-institut","category-interreligioeser-dialog","category-n-kamcili-yildiz","category-pd-marion-keuchen"],"_links":{"self":[{"href":"https:\/\/blogs.uni-paderborn.de\/evth\/wp-json\/wp\/v2\/posts\/2449","targetHints":{"allow":["GET"]}}],"collection":[{"href":"https:\/\/blogs.uni-paderborn.de\/evth\/wp-json\/wp\/v2\/posts"}],"about":[{"href":"https:\/\/blogs.uni-paderborn.de\/evth\/wp-json\/wp\/v2\/types\/post"}],"author":[{"embeddable":true,"href":"https:\/\/blogs.uni-paderborn.de\/evth\/wp-json\/wp\/v2\/users\/9561"}],"replies":[{"embeddable":true,"href":"https:\/\/blogs.uni-paderborn.de\/evth\/wp-json\/wp\/v2\/comments?post=2449"}],"version-history":[{"count":3,"href":"https:\/\/blogs.uni-paderborn.de\/evth\/wp-json\/wp\/v2\/posts\/2449\/revisions"}],"predecessor-version":[{"id":2469,"href":"https:\/\/blogs.uni-paderborn.de\/evth\/wp-json\/wp\/v2\/posts\/2449\/revisions\/2469"}],"wp:featuredmedia":[{"embeddable":true,"href":"https:\/\/blogs.uni-paderborn.de\/evth\/wp-json\/wp\/v2\/media\/2450"}],"wp:attachment":[{"href":"https:\/\/blogs.uni-paderborn.de\/evth\/wp-json\/wp\/v2\/media?parent=2449"}],"wp:term":[{"taxonomy":"category","embeddable":true,"href":"https:\/\/blogs.uni-paderborn.de\/evth\/wp-json\/wp\/v2\/categories?post=2449"},{"taxonomy":"post_tag","embeddable":true,"href":"https:\/\/blogs.uni-paderborn.de\/evth\/wp-json\/wp\/v2\/tags?post=2449"}],"curies":[{"name":"wp","href":"https:\/\/api.w.org\/{rel}","templated":true}]}}