{"id":2445,"date":"2026-01-22T13:09:10","date_gmt":"2026-01-22T12:09:10","guid":{"rendered":"https:\/\/blogs.uni-paderborn.de\/evth\/?p=2445"},"modified":"2026-02-23T22:15:37","modified_gmt":"2026-02-23T21:15:37","slug":"herzlichen-glueckwunsch-zum-preis-fuer-ausgezeichnete-dissertationen","status":"publish","type":"post","link":"https:\/\/blogs.uni-paderborn.de\/evth\/2026\/01\/22\/herzlichen-glueckwunsch-zum-preis-fuer-ausgezeichnete-dissertationen\/","title":{"rendered":"Herzlichen Gl\u00fcckwunsch zum Preis f\u00fcr ausgezeichnete Dissertationen!"},"content":{"rendered":"<div class=\"twoclick_social_bookmarks_post_2445 social_share_privacy clearfix 1.6.4 locale-de_DE sprite-de_DE\"><\/div><div class=\"twoclick-js\"><script type=\"text\/javascript\">\/* <![CDATA[ *\/\njQuery(document).ready(function($){if($('.twoclick_social_bookmarks_post_2445')){$('.twoclick_social_bookmarks_post_2445').socialSharePrivacy({\"txt_help\":\"Wenn Sie diese Felder durch einen Klick aktivieren, werden Informationen an Facebook, Twitter, Flattr, Xing, t3n, LinkedIn, Pinterest oder Google eventuell ins Ausland \\u00fcbertragen und unter Umst\\u00e4nden auch dort gespeichert. N\\u00e4heres erfahren Sie durch einen Klick auf das <em>i<\\\/em>.\",\"settings_perma\":\"Dauerhaft aktivieren und Daten\\u00fcber-tragung zustimmen:\",\"info_link\":\"http:\\\/\\\/www.heise.de\\\/ct\\\/artikel\\\/2-Klicks-fuer-mehr-Datenschutz-1333879.html\",\"uri\":\"https:\\\/\\\/blogs.uni-paderborn.de\\\/evth\\\/2026\\\/01\\\/22\\\/herzlichen-glueckwunsch-zum-preis-fuer-ausgezeichnete-dissertationen\\\/\",\"post_id\":2445,\"post_title_referrer_track\":\"Herzlichen+Gl%C3%BCckwunsch+zum+Preis+f%C3%BCr+ausgezeichnete+Dissertationen%21\",\"display_infobox\":\"on\"});}});\n\/* ]]> *\/<\/script><\/div>\n<p>Dr. Anne Breckner von unserem Institut hat einen der diesj\u00e4hrigen Preise f\u00fcr ausgezeichnete Dissertationen der Universit\u00e4t Paderborn erhalten. Die Auszeichnung bekam sie im Rahmen des diesj\u00e4hrigen Neujahrsempfangs f\u00fcr ihre Ver\u00f6ffentlichung \u201eVaterunser-Parodien in Kontinuit\u00e4t und Wandel. Theologische und kulturwissenschaftliche Analysen\u201c. Wir sagen herzlichen Gl\u00fcckwunsch!<\/p>\n\n\n\n<!--more-->\n\n\n\n<p>In seiner Laudatio erkl\u00e4rte Prof. Dr. Harald Schroeter-Wittke: \u201eDas Vaterunser als zentrales Gebet der Christenheit geh\u00f6rt zu dessen Kerntexten. Im Laufe der Christentums- und Kulturgeschichte wurde es vielfach rezipiert. Dabei hat sich die Theologie bislang vorwiegend mit solchen Rezeptionen besch\u00e4ftigt, die ernsthaft und gewichtig daherkommen. Dies blendet jedoch h\u00e4ufig aus, dass zu relgi\u00f6sen Praktiken immer auch das Lachen und der Humor geh\u00f6ren, z. B. in Gebetsparodien. Vaterunser-Parodien lassen sich als solche Gebetsparodien lesen. Sie stellen eine gro\u00dfe, aber in der Wissenschaft vernachl\u00e4ssigte Textgruppe dar und sind Ausdruck einer popul\u00e4r-kulturellen Rezeption des Vaterunsers. Die darin angesprochenen Themen zeigen u. a. die Verkn\u00fcpfung von Politik und Religion, kommerziellen Interessen und Gemeinschaftsritualen, konfessionellen Gebetstraditionen und deren Transformation durch Humor und Verfremdung. Breckners Dissertation widmet sich dieser bislang kaum erforschten Textgattung. Anhand von Detailanalysen wird die Relevanz von Vaterunser-Parodien f\u00fcr die Theologie als auch f\u00fcr die Gesellschaft dargestellt, diskutiert und bewertet.\u201c<\/p>\n\n\n\n<p>Impressionen und weitere Informationen, darunter ein Steckbrief von Dr. Anne Breckner und die vollst\u00e4ndige Laudatio von Prof. Dr. Harald Schroeter-Wittke, finden sich hier: <a href=\"https:\/\/www.uni-paderborn.de\/neujahrsempfang\">https:\/\/www.uni-paderborn.de\/neujahrsempfang <\/a><\/p>\n\n\n\n<p>Pressemitteilung der Universit\u00e4t Paderborn vom Neujahrsempfang: <a href=\"https:\/\/www.uni-paderborn.de\/nachricht\/155953\">https:\/\/www.uni-paderborn.de\/nachricht\/155953<\/a><\/p>\n\n\n\n<p>Hintergr\u00fcnde zum Preis: <a href=\"https:\/\/www.uni-paderborn.de\/forschung\/fk\/disserationspreise-3\">https:\/\/www.uni-paderborn.de\/forschung\/fk\/disserationspreise-3 <\/a><\/p>\n\n\n\n<p>Das Buch von Dr. Anne Breckner ist unter diesem Link im Open Access verf\u00fcgbar: <a href=\"https:\/\/link.springer.com\/book\/10.1007\/978-3-658-49007-2\">https:\/\/link.springer.com\/book\/10.1007\/978-3-658-49007-2<\/a><\/p>\n","protected":false},"excerpt":{"rendered":"<p>Dr. Anne Breckner von unserem Institut hat einen der diesj\u00e4hrigen Preise f\u00fcr ausgezeichnete Dissertationen der Universit\u00e4t Paderborn erhalten. Die Auszeichnung bekam sie im Rahmen des diesj\u00e4hrigen Neujahrsempfangs f\u00fcr ihre Ver\u00f6ffentlichung \u201eVaterunser-Parodien in Kontinuit\u00e4t und Wandel. Theologische und kulturwissenschaftliche Analysen\u201c. Wir sagen herzlichen Gl\u00fcckwunsch!<\/p>\n","protected":false},"author":9561,"featured_media":2444,"comment_status":"closed","ping_status":"open","sticky":false,"template":"","format":"standard","meta":{"footnotes":""},"categories":[1,176,112,72],"tags":[],"class_list":["post-2445","post","type-post","status-publish","format-standard","has-post-thumbnail","hentry","category-allgemein","category-anne-breckner","category-institut","category-publikationen"],"_links":{"self":[{"href":"https:\/\/blogs.uni-paderborn.de\/evth\/wp-json\/wp\/v2\/posts\/2445","targetHints":{"allow":["GET"]}}],"collection":[{"href":"https:\/\/blogs.uni-paderborn.de\/evth\/wp-json\/wp\/v2\/posts"}],"about":[{"href":"https:\/\/blogs.uni-paderborn.de\/evth\/wp-json\/wp\/v2\/types\/post"}],"author":[{"embeddable":true,"href":"https:\/\/blogs.uni-paderborn.de\/evth\/wp-json\/wp\/v2\/users\/9561"}],"replies":[{"embeddable":true,"href":"https:\/\/blogs.uni-paderborn.de\/evth\/wp-json\/wp\/v2\/comments?post=2445"}],"version-history":[{"count":3,"href":"https:\/\/blogs.uni-paderborn.de\/evth\/wp-json\/wp\/v2\/posts\/2445\/revisions"}],"predecessor-version":[{"id":2472,"href":"https:\/\/blogs.uni-paderborn.de\/evth\/wp-json\/wp\/v2\/posts\/2445\/revisions\/2472"}],"wp:featuredmedia":[{"embeddable":true,"href":"https:\/\/blogs.uni-paderborn.de\/evth\/wp-json\/wp\/v2\/media\/2444"}],"wp:attachment":[{"href":"https:\/\/blogs.uni-paderborn.de\/evth\/wp-json\/wp\/v2\/media?parent=2445"}],"wp:term":[{"taxonomy":"category","embeddable":true,"href":"https:\/\/blogs.uni-paderborn.de\/evth\/wp-json\/wp\/v2\/categories?post=2445"},{"taxonomy":"post_tag","embeddable":true,"href":"https:\/\/blogs.uni-paderborn.de\/evth\/wp-json\/wp\/v2\/tags?post=2445"}],"curies":[{"name":"wp","href":"https:\/\/api.w.org\/{rel}","templated":true}]}}