{"id":2357,"date":"2025-10-14T11:51:23","date_gmt":"2025-10-14T09:51:23","guid":{"rendered":"https:\/\/blogs.uni-paderborn.de\/evth\/?p=2357"},"modified":"2025-10-14T12:01:24","modified_gmt":"2025-10-14T10:01:24","slug":"juden-unter-dem-schatten-des-kreuzes-exkursion-zu-den-schum-staedten","status":"publish","type":"post","link":"https:\/\/blogs.uni-paderborn.de\/evth\/2025\/10\/14\/juden-unter-dem-schatten-des-kreuzes-exkursion-zu-den-schum-staedten\/","title":{"rendered":"&#8222;Juden unter dem Schatten des Kreuzes&#8220; Exkursion zu den SchUM-St\u00e4dten"},"content":{"rendered":"<div class=\"twoclick_social_bookmarks_post_2357 social_share_privacy clearfix 1.6.4 locale-de_DE sprite-de_DE\"><\/div><div class=\"twoclick-js\"><script type=\"text\/javascript\">\/* <![CDATA[ *\/\njQuery(document).ready(function($){if($('.twoclick_social_bookmarks_post_2357')){$('.twoclick_social_bookmarks_post_2357').socialSharePrivacy({\"txt_help\":\"Wenn Sie diese Felder durch einen Klick aktivieren, werden Informationen an Facebook, Twitter, Flattr, Xing, t3n, LinkedIn, Pinterest oder Google eventuell ins Ausland \\u00fcbertragen und unter Umst\\u00e4nden auch dort gespeichert. N\\u00e4heres erfahren Sie durch einen Klick auf das <em>i<\\\/em>.\",\"settings_perma\":\"Dauerhaft aktivieren und Daten\\u00fcber-tragung zustimmen:\",\"info_link\":\"http:\\\/\\\/www.heise.de\\\/ct\\\/artikel\\\/2-Klicks-fuer-mehr-Datenschutz-1333879.html\",\"uri\":\"https:\\\/\\\/blogs.uni-paderborn.de\\\/evth\\\/2025\\\/10\\\/14\\\/juden-unter-dem-schatten-des-kreuzes-exkursion-zu-den-schum-staedten\\\/\",\"post_id\":2357,\"post_title_referrer_track\":\"%26%238222%3BJuden+unter+dem+Schatten+des+Kreuzes%26%238220%3B+Exkursion+zu+den+SchUM-St%C3%A4dten\",\"display_infobox\":\"on\"});}});\n\/* ]]> *\/<\/script><\/div>\n<p><em>Wie sah das Leben der mittelalterlichen Juden in einer mehrheitlich christlich gepr\u00e4gten Gesellschaft aus? Wo und vor allem wie lebten die j\u00fcdischen Gemeinden ihre Kultur und Religion aus?<\/em><\/p>\n\n\n\n<p>Um diesen Fragen auf den Grund zu gehen, fand eine viert\u00e4gige Exkursion, geleitet von Frau Prof. Dr. Claudia Dorit Bergmann (Universit\u00e4t Paderborn) und Frau Prof. Dr. Laura Lieber (Universit\u00e4t Regensburg) in den sogenannten SchUM-St\u00e4dten statt.<\/p>\n\n\n\n<!--more-->\n\n\n\n<p>Das Akronym &#8222;SchUM&#8220; wird von den j\u00fcdischen Gemeinden f\u00fcr die drei mittelalterlichen St\u00e4dte Shpira, Warmaisa und Magenza (Speyer, Worms und Mainz) genutzt, in denen seit dem zehnten Jahrhundert j\u00fcdisches Leben nachgewiesen ist, das trotz einiger heftiger Pogrome bis in die Moderne \u00fcberdauert hat. Hier haben die j\u00fcdischen Gemeinschaften des Mittelalters Architektur, Rechtswesen, Kultur sowie Religion geteilt und (weiter-)entwickelt.<\/p>\n\n\n\n<p>Zun\u00e4chst besuchten wir den alten j\u00fcdischen Friedhof \u2013 dem \u00e4ltesten bekannten Friedhof dieser Art auf europ\u00e4ischem Boden. Hier stehen Grabsteine, die aus dem elften Jahrhundert stammen. Die Grabsteine j\u00fcngeren Datums sind zweisprachig oder sogar komplett mit deutschen Inschriften versehen. Ein Hinweis auf eine zunehmende kulturelle Angleichung der Juden an ihre Umgebung.<\/p>\n\n\n\n<figure class=\"wp-block-gallery has-nested-images columns-default is-cropped wp-block-gallery-1 is-layout-flex wp-block-gallery-is-layout-flex\">\n<figure class=\"wp-block-image size-large\"><img loading=\"lazy\" decoding=\"async\" width=\"683\" height=\"1024\" data-id=\"2361\" src=\"https:\/\/blogs.uni-paderborn.de\/evth\/files\/2025\/10\/Juedischer-Grabstein-im-Speyrer-_Judenhof_-683x1024.jpg\" alt=\"\" class=\"wp-image-2361\" srcset=\"https:\/\/blogs.uni-paderborn.de\/evth\/files\/2025\/10\/Juedischer-Grabstein-im-Speyrer-_Judenhof_-683x1024.jpg 683w, https:\/\/blogs.uni-paderborn.de\/evth\/files\/2025\/10\/Juedischer-Grabstein-im-Speyrer-_Judenhof_-200x300.jpg 200w, https:\/\/blogs.uni-paderborn.de\/evth\/files\/2025\/10\/Juedischer-Grabstein-im-Speyrer-_Judenhof_-768x1152.jpg 768w, https:\/\/blogs.uni-paderborn.de\/evth\/files\/2025\/10\/Juedischer-Grabstein-im-Speyrer-_Judenhof_.jpg 800w\" sizes=\"auto, (max-width: 709px) 85vw, (max-width: 909px) 67vw, (max-width: 984px) 61vw, (max-width: 1362px) 45vw, 600px\" \/><\/figure>\n\n\n\n<figure class=\"wp-block-image size-large\"><img loading=\"lazy\" decoding=\"async\" width=\"683\" height=\"1024\" data-id=\"2360\" src=\"https:\/\/blogs.uni-paderborn.de\/evth\/files\/2025\/10\/Haus-des-Friedens__-neue-Synagoge-in-Speyer-683x1024.jpg\" alt=\"\" class=\"wp-image-2360\" srcset=\"https:\/\/blogs.uni-paderborn.de\/evth\/files\/2025\/10\/Haus-des-Friedens__-neue-Synagoge-in-Speyer-683x1024.jpg 683w, https:\/\/blogs.uni-paderborn.de\/evth\/files\/2025\/10\/Haus-des-Friedens__-neue-Synagoge-in-Speyer-200x300.jpg 200w, https:\/\/blogs.uni-paderborn.de\/evth\/files\/2025\/10\/Haus-des-Friedens__-neue-Synagoge-in-Speyer-768x1152.jpg 768w, https:\/\/blogs.uni-paderborn.de\/evth\/files\/2025\/10\/Haus-des-Friedens__-neue-Synagoge-in-Speyer.jpg 800w\" sizes=\"auto, (max-width: 709px) 85vw, (max-width: 909px) 67vw, (max-width: 984px) 61vw, (max-width: 1362px) 45vw, 600px\" \/><\/figure>\n\n\n\n<figure class=\"wp-block-image size-large\"><img loading=\"lazy\" decoding=\"async\" width=\"683\" height=\"1024\" data-id=\"2359\" src=\"https:\/\/blogs.uni-paderborn.de\/evth\/files\/2025\/10\/Chagall-Fenster-in-der-Mainzer-St.Stephanskirche-683x1024.jpg\" alt=\"\" class=\"wp-image-2359\" srcset=\"https:\/\/blogs.uni-paderborn.de\/evth\/files\/2025\/10\/Chagall-Fenster-in-der-Mainzer-St.Stephanskirche-683x1024.jpg 683w, https:\/\/blogs.uni-paderborn.de\/evth\/files\/2025\/10\/Chagall-Fenster-in-der-Mainzer-St.Stephanskirche-200x300.jpg 200w, https:\/\/blogs.uni-paderborn.de\/evth\/files\/2025\/10\/Chagall-Fenster-in-der-Mainzer-St.Stephanskirche-768x1152.jpg 768w, https:\/\/blogs.uni-paderborn.de\/evth\/files\/2025\/10\/Chagall-Fenster-in-der-Mainzer-St.Stephanskirche.jpg 800w\" sizes=\"auto, (max-width: 709px) 85vw, (max-width: 909px) 67vw, (max-width: 984px) 61vw, (max-width: 1362px) 45vw, 600px\" \/><\/figure>\n<\/figure>\n\n\n\n<p>In Speyer suchten wir den Judenhof auf. Dort befinden sich die \u00dcberreste der Synagoge, der Tora-Schule und die \u00e4lteste deutsche Mikwe (Ritualbad), die um das Jahr 1100 erbaut wurde. Erstmalig entstand hier auch ein separater Gebetsraum f\u00fcr Frauen \u2013 ein Novum zu dieser Zeit. Auch die romanische Architektur der Speyrer Synagoge wird k\u00fcnftige Synagogen anderer St\u00e4dte inspirieren.<\/p>\n\n\n\n<p>Die Maximilianstra\u00dfe \u2013 eine Fu\u00dfg\u00e4ngerzone durch die malerische Altstadt Speyers erz\u00e4hlte uns die tragische Geschichte vieler j\u00fcdischer Familien, die durch die Enteignung und Verfolgung unter dem Naziregime ihren Besitz, Heimat und Leben verloren haben. Die \u201eStolpersteine\u201c bezeugten uns bei diesem Spaziergang in unnachgiebiger H\u00e4ufigkeit, dass diese Stra\u00dfe einst von vielen j\u00fcdischen B\u00fcrgern belebt wurde, deren Existenzen zur Zeit des zweiten Weltkriegs v\u00f6llig zerst\u00f6rt wurden.<\/p>\n\n\n\n<p>Ein erhebender und imposanter Anblick dagegen war der Speyrer Dom, auf den die Maximilianstra\u00dfe hinausl\u00e4uft. Interessanterweise entdeckt man eine verbl\u00fcffende \u00c4hnlichkeit der Architektur dieser Kathedrale mit der Synagoge und der Mikwe: Alle drei Bauwerke wurden n\u00e4mlich von den christlichen Handwerkern der Dombauh\u00fctte im romanischen Stil errichtet. Ein weiterer Eindruck friedlichen Zusammenlebens der zwei Religionen.<\/p>\n\n\n\n<figure class=\"wp-block-gallery has-nested-images columns-default is-cropped wp-block-gallery-2 is-layout-flex wp-block-gallery-is-layout-flex\">\n<figure class=\"wp-block-image size-large\"><img loading=\"lazy\" decoding=\"async\" width=\"1024\" height=\"683\" data-id=\"2363\" src=\"https:\/\/blogs.uni-paderborn.de\/evth\/files\/2025\/10\/Heiliger-Sand_-juedischer-Friedhof-zu-Worms-1024x683.jpg\" alt=\"\" class=\"wp-image-2363\" srcset=\"https:\/\/blogs.uni-paderborn.de\/evth\/files\/2025\/10\/Heiliger-Sand_-juedischer-Friedhof-zu-Worms-1024x683.jpg 1024w, https:\/\/blogs.uni-paderborn.de\/evth\/files\/2025\/10\/Heiliger-Sand_-juedischer-Friedhof-zu-Worms-300x200.jpg 300w, https:\/\/blogs.uni-paderborn.de\/evth\/files\/2025\/10\/Heiliger-Sand_-juedischer-Friedhof-zu-Worms-768x512.jpg 768w, https:\/\/blogs.uni-paderborn.de\/evth\/files\/2025\/10\/Heiliger-Sand_-juedischer-Friedhof-zu-Worms.jpg 1200w\" sizes=\"auto, (max-width: 709px) 85vw, (max-width: 909px) 67vw, (max-width: 1362px) 62vw, 840px\" \/><\/figure>\n\n\n\n<figure class=\"wp-block-image size-large\"><img loading=\"lazy\" decoding=\"async\" width=\"1024\" height=\"683\" data-id=\"2364\" src=\"https:\/\/blogs.uni-paderborn.de\/evth\/files\/2025\/10\/Faksimile-des-Wormser-Machsor-1024x683.jpg\" alt=\"\" class=\"wp-image-2364\" srcset=\"https:\/\/blogs.uni-paderborn.de\/evth\/files\/2025\/10\/Faksimile-des-Wormser-Machsor-1024x683.jpg 1024w, https:\/\/blogs.uni-paderborn.de\/evth\/files\/2025\/10\/Faksimile-des-Wormser-Machsor-300x200.jpg 300w, https:\/\/blogs.uni-paderborn.de\/evth\/files\/2025\/10\/Faksimile-des-Wormser-Machsor-768x512.jpg 768w, https:\/\/blogs.uni-paderborn.de\/evth\/files\/2025\/10\/Faksimile-des-Wormser-Machsor.jpg 1200w\" sizes=\"auto, (max-width: 709px) 85vw, (max-width: 909px) 67vw, (max-width: 1362px) 62vw, 840px\" \/><\/figure>\n<\/figure>\n\n\n\n<p>Die letzten zwei Tage besch\u00e4ftigten wir uns mit dem j\u00fcdischen Leben in Worms und sind damit ganz nah an dem Puls mittelalterlichen j\u00fcdischen Lebens angekommen. Hier \u00fcberdauern die Juden die Pogrome zur Zeit der Kreuzz\u00fcge und k\u00f6nnen eine starke Tradition ausbilden. Worms wird f\u00fcr sie zum \u201eJerusalem am Rhein\u201c. Wir finden gleich zwei Synagogen, eine Mikwe und einen gro\u00dfen j\u00fcdischen Friedhof vor \u2013 Bauwerke, die von dem Wachstum der Kommune und ihrer Etablierung in der christlichen Gesellschaft zeugen. Gro\u00dfe Rabbiner und Gelehrte lehren hier aus dem Schatz ihres Verst\u00e4ndnisses und entwickeln die Religionsaus\u00fcbung weiter. Unter ihnen der weltber\u00fchmte Talmud-Kommentator Rabbi Shlomo ben Jizchak (bekannt als \u201eRashi\u201c).<\/p>\n\n\n\n<p>In dem Rashi-Haus \u2013 einem kleinen Museum, das sich mit dem Wormser Judentum befasst, konnten wir ein Faksimile des Wormser Machsor begutachten. Dieses Gebetsbuch wurde um das Jahr 1271 abgefasst und enth\u00e4lt unter anderem den ersten bekannten Satz in jiddischer Sprache.<\/p>\n\n\n\n<p>Mit der Herrschaft der Nazis und der Ausgrenzung von Juden in Deutschland kommt es zu einem harten Bruch unter den ans\u00e4ssigen Juden. Unter denen, die es schaffen rechtzeitig zu fliehen, kehren Viele ihrer einstigen Heimat entt\u00e4uscht den R\u00fccken zu. Nur wenige der \u00dcberlebenden erhalten nach dem zweiten Weltkrieg ihren Besitz zur\u00fcck.<\/p>\n\n\n\n<p>Heutzutage ist die j\u00fcdische Gemeinde in den SchUM-St\u00e4dten bei weitem nicht so stark vertreten, wie vor dem Holocaust. Dennoch entstanden in den letzten Jahren sowohl in Mainz als auch in Speyer neue Synagogen und sogar die alte Synagoge in Worms kann heute wieder f\u00fcr Gottesdienste genutzt werden.<\/p>\n\n\n\n<p>Ein wirklich sch\u00f6nes Erlebnis war es f\u00fcr uns die Glasinstallationen in der Mainzer Pfarrkirche St. Stephan zu sehen. Hier schuf der russisch-franz\u00f6sische und j\u00fcdische K\u00fcnstler Marc Chagall ab 1976 ein atemberaubendes Kunstwerk mit detailreichen Fenstern, die die alttestamentlichen Geschichten in einem Lichtermeer in den Kirchsaal hineinfluten lassen. Mit dieser Geste reicht er stellvertretend als Franzose und Jude, Deutschland und dem Christentum die Hand der Vers\u00f6hnung, in der Hoffnung auf ein friedliches Zusammenleben in der Zukunft.<\/p>\n\n\n\n<p>Text und Bilder: Emil Rempel<\/p>\n\n\n\n<p><\/p>\n","protected":false},"excerpt":{"rendered":"<p>Wie sah das Leben der mittelalterlichen Juden in einer mehrheitlich christlich gepr\u00e4gten Gesellschaft aus? Wo und vor allem wie lebten die j\u00fcdischen Gemeinden ihre Kultur und Religion aus? Um diesen Fragen auf den Grund zu gehen, fand eine viert\u00e4gige Exkursion, geleitet von Frau Prof. Dr. Claudia Dorit Bergmann (Universit\u00e4t Paderborn) und Frau Prof. Dr. Laura &hellip; <a href=\"https:\/\/blogs.uni-paderborn.de\/evth\/2025\/10\/14\/juden-unter-dem-schatten-des-kreuzes-exkursion-zu-den-schum-staedten\/\" class=\"more-link\"><span class=\"screen-reader-text\">\u201e&#8222;Juden unter dem Schatten des Kreuzes&#8220; Exkursion zu den SchUM-St\u00e4dten\u201c <\/span>weiterlesen<\/a><\/p>\n","protected":false},"author":7592,"featured_media":2365,"comment_status":"closed","ping_status":"open","sticky":false,"template":"","format":"standard","meta":{"footnotes":""},"categories":[1,174,198,112,204,293,169],"tags":[],"class_list":["post-2357","post","type-post","status-publish","format-standard","has-post-thumbnail","hentry","category-allgemein","category-biblische-theologie","category-forschendes-lehren","category-institut","category-interreligioeser-dialog","category-prof-dr-c-bergmann","category-studienfahrten"],"_links":{"self":[{"href":"https:\/\/blogs.uni-paderborn.de\/evth\/wp-json\/wp\/v2\/posts\/2357","targetHints":{"allow":["GET"]}}],"collection":[{"href":"https:\/\/blogs.uni-paderborn.de\/evth\/wp-json\/wp\/v2\/posts"}],"about":[{"href":"https:\/\/blogs.uni-paderborn.de\/evth\/wp-json\/wp\/v2\/types\/post"}],"author":[{"embeddable":true,"href":"https:\/\/blogs.uni-paderborn.de\/evth\/wp-json\/wp\/v2\/users\/7592"}],"replies":[{"embeddable":true,"href":"https:\/\/blogs.uni-paderborn.de\/evth\/wp-json\/wp\/v2\/comments?post=2357"}],"version-history":[{"count":5,"href":"https:\/\/blogs.uni-paderborn.de\/evth\/wp-json\/wp\/v2\/posts\/2357\/revisions"}],"predecessor-version":[{"id":2369,"href":"https:\/\/blogs.uni-paderborn.de\/evth\/wp-json\/wp\/v2\/posts\/2357\/revisions\/2369"}],"wp:featuredmedia":[{"embeddable":true,"href":"https:\/\/blogs.uni-paderborn.de\/evth\/wp-json\/wp\/v2\/media\/2365"}],"wp:attachment":[{"href":"https:\/\/blogs.uni-paderborn.de\/evth\/wp-json\/wp\/v2\/media?parent=2357"}],"wp:term":[{"taxonomy":"category","embeddable":true,"href":"https:\/\/blogs.uni-paderborn.de\/evth\/wp-json\/wp\/v2\/categories?post=2357"},{"taxonomy":"post_tag","embeddable":true,"href":"https:\/\/blogs.uni-paderborn.de\/evth\/wp-json\/wp\/v2\/tags?post=2357"}],"curies":[{"name":"wp","href":"https:\/\/api.w.org\/{rel}","templated":true}]}}