{"id":2281,"date":"2025-06-23T22:40:12","date_gmt":"2025-06-23T20:40:12","guid":{"rendered":"https:\/\/blogs.uni-paderborn.de\/evth\/?p=2281"},"modified":"2025-06-23T22:41:14","modified_gmt":"2025-06-23T20:41:14","slug":"von-transzendenz-zum-transhumanismus","status":"publish","type":"post","link":"https:\/\/blogs.uni-paderborn.de\/evth\/2025\/06\/23\/von-transzendenz-zum-transhumanismus\/","title":{"rendered":"Von Transzendenz zum Transhumanismus"},"content":{"rendered":"<div class=\"twoclick_social_bookmarks_post_2281 social_share_privacy clearfix 1.6.4 locale-de_DE sprite-de_DE\"><\/div><div class=\"twoclick-js\"><script type=\"text\/javascript\">\/* <![CDATA[ *\/\njQuery(document).ready(function($){if($('.twoclick_social_bookmarks_post_2281')){$('.twoclick_social_bookmarks_post_2281').socialSharePrivacy({\"txt_help\":\"Wenn Sie diese Felder durch einen Klick aktivieren, werden Informationen an Facebook, Twitter, Flattr, Xing, t3n, LinkedIn, Pinterest oder Google eventuell ins Ausland \\u00fcbertragen und unter Umst\\u00e4nden auch dort gespeichert. N\\u00e4heres erfahren Sie durch einen Klick auf das <em>i<\\\/em>.\",\"settings_perma\":\"Dauerhaft aktivieren und Daten\\u00fcber-tragung zustimmen:\",\"info_link\":\"http:\\\/\\\/www.heise.de\\\/ct\\\/artikel\\\/2-Klicks-fuer-mehr-Datenschutz-1333879.html\",\"uri\":\"https:\\\/\\\/blogs.uni-paderborn.de\\\/evth\\\/2025\\\/06\\\/23\\\/von-transzendenz-zum-transhumanismus\\\/\",\"post_id\":2281,\"post_title_referrer_track\":\"Von+Transzendenz+zum+Transhumanismus\",\"display_infobox\":\"on\"});}});\n\/* ]]> *\/<\/script><\/div>\n<p>Der vorliegende Band beinhaltet Ergebnisse der gleichnamigen Tagung, die im Jahr 2019 an der Universit\u00e4t Paderborn ausgerichtet wurde. Sie hatte zum Ziel, unterschiedliche Vorstellungen von Heil und Unheil unter religi\u00f6sen und s\u00e4kularen, kulturellen und technischen Standpunkten zu eruieren und zu analysieren. Hierf\u00fcr wurde von der Pr\u00e4misse ausgegangen, dass Heils- wie Unheilserwartungen zu keinem Zeitpunkt ausschlie\u00dflich Ausdruck einer religi\u00f6sen Gottesfurcht waren, sondern auch profaner bzw. weltlicher Natur sein konnten. Zu den s\u00e4kularen Glaubensformen z\u00e4hlt z. B. der vielfach diskutierte Glaube an den medizinischen und technischen Fortschritt als irdische ,Heilsbringer\u2019. Die Grundannahme der Tagung erm\u00f6glichte ein vielf\u00e4ltiges Spektrum an Deutungskulturen in unterschiedlichen Glaubensrichtungen, in den Geschichts- und Sozialwissenschaften, in der Medizin und der P\u00e4dagogik. In ihren Beitr\u00e4gen diskutieren die Referent*innen Utopien und Dystopien, s\u00e4kulare Erl\u00f6sungsstrategien und nicht zuletzt die Versprechen des Transhumanismus.<\/p>\n\n\n\n<p>Der Band &#8222;Von der Transzendenz zum Transhumanismus. Deutungskulturen von (Un)Heilsgeschichte im 19. und 20. Jahrhundert wurde von Sabrina Lausen, Martin Dr\u00f6ge und Richard Janus herausgegeben. Weitere Beitragende sind: Raphael D\u00f6hn, Sebastian Engelmann, Martin Fromme, Florian He\u00dfd\u00f6rfer, Alexander Hildebrandt,  Nikolai M\u00fcnch, Justus P\u00f6tzsch, Nerijus Sepetys und Vojn Sasa Vukadinovic.<\/p>\n","protected":false},"excerpt":{"rendered":"<p>Der vorliegende Band beinhaltet Ergebnisse der gleichnamigen Tagung, die im Jahr 2019 an der Universit\u00e4t Paderborn ausgerichtet wurde. Sie hatte zum Ziel, unterschiedliche Vorstellungen von Heil und Unheil unter religi\u00f6sen und s\u00e4kularen, kulturellen und technischen Standpunkten zu eruieren und zu analysieren. Hierf\u00fcr wurde von der Pr\u00e4misse ausgegangen, dass Heils- wie Unheilserwartungen zu keinem Zeitpunkt ausschlie\u00dflich &hellip; <a href=\"https:\/\/blogs.uni-paderborn.de\/evth\/2025\/06\/23\/von-transzendenz-zum-transhumanismus\/\" class=\"more-link\"><span class=\"screen-reader-text\">\u201eVon Transzendenz zum Transhumanismus\u201c <\/span>weiterlesen<\/a><\/p>\n","protected":false},"author":7592,"featured_media":2282,"comment_status":"closed","ping_status":"open","sticky":false,"template":"","format":"standard","meta":{"footnotes":""},"categories":[1,359,62,32,82,72,52,167],"tags":[],"class_list":["post-2281","post","type-post","status-publish","format-standard","has-post-thumbnail","hentry","category-allgemein","category-interdisziplinaerer-austausch","category-kirchengeschichte","category-dr-janus","category-praktische-theologie","category-publikationen","category-religionspaedagogik","category-systematische-theologie"],"_links":{"self":[{"href":"https:\/\/blogs.uni-paderborn.de\/evth\/wp-json\/wp\/v2\/posts\/2281","targetHints":{"allow":["GET"]}}],"collection":[{"href":"https:\/\/blogs.uni-paderborn.de\/evth\/wp-json\/wp\/v2\/posts"}],"about":[{"href":"https:\/\/blogs.uni-paderborn.de\/evth\/wp-json\/wp\/v2\/types\/post"}],"author":[{"embeddable":true,"href":"https:\/\/blogs.uni-paderborn.de\/evth\/wp-json\/wp\/v2\/users\/7592"}],"replies":[{"embeddable":true,"href":"https:\/\/blogs.uni-paderborn.de\/evth\/wp-json\/wp\/v2\/comments?post=2281"}],"version-history":[{"count":1,"href":"https:\/\/blogs.uni-paderborn.de\/evth\/wp-json\/wp\/v2\/posts\/2281\/revisions"}],"predecessor-version":[{"id":2283,"href":"https:\/\/blogs.uni-paderborn.de\/evth\/wp-json\/wp\/v2\/posts\/2281\/revisions\/2283"}],"wp:featuredmedia":[{"embeddable":true,"href":"https:\/\/blogs.uni-paderborn.de\/evth\/wp-json\/wp\/v2\/media\/2282"}],"wp:attachment":[{"href":"https:\/\/blogs.uni-paderborn.de\/evth\/wp-json\/wp\/v2\/media?parent=2281"}],"wp:term":[{"taxonomy":"category","embeddable":true,"href":"https:\/\/blogs.uni-paderborn.de\/evth\/wp-json\/wp\/v2\/categories?post=2281"},{"taxonomy":"post_tag","embeddable":true,"href":"https:\/\/blogs.uni-paderborn.de\/evth\/wp-json\/wp\/v2\/tags?post=2281"}],"curies":[{"name":"wp","href":"https:\/\/api.w.org\/{rel}","templated":true}]}}