{"id":2135,"date":"2025-04-22T13:25:37","date_gmt":"2025-04-22T11:25:37","guid":{"rendered":"https:\/\/blogs.uni-paderborn.de\/evth\/?p=2135"},"modified":"2025-04-24T10:44:07","modified_gmt":"2025-04-24T08:44:07","slug":"terminueberblick-zum-oberseminar-aktuelle-fragen-der-theologie","status":"publish","type":"post","link":"https:\/\/blogs.uni-paderborn.de\/evth\/2025\/04\/22\/terminueberblick-zum-oberseminar-aktuelle-fragen-der-theologie\/","title":{"rendered":"Termin\u00fcberblick zum Oberseminar &#8222;Aktuelle Fragen der Theologie&#8220;"},"content":{"rendered":"<div class=\"twoclick_social_bookmarks_post_2135 social_share_privacy clearfix 1.6.4 locale-de_DE sprite-de_DE\"><\/div><div class=\"twoclick-js\"><script type=\"text\/javascript\">\/* <![CDATA[ *\/\njQuery(document).ready(function($){if($('.twoclick_social_bookmarks_post_2135')){$('.twoclick_social_bookmarks_post_2135').socialSharePrivacy({\"txt_help\":\"Wenn Sie diese Felder durch einen Klick aktivieren, werden Informationen an Facebook, Twitter, Flattr, Xing, t3n, LinkedIn, Pinterest oder Google eventuell ins Ausland \\u00fcbertragen und unter Umst\\u00e4nden auch dort gespeichert. N\\u00e4heres erfahren Sie durch einen Klick auf das <em>i<\\\/em>.\",\"settings_perma\":\"Dauerhaft aktivieren und Daten\\u00fcber-tragung zustimmen:\",\"info_link\":\"http:\\\/\\\/www.heise.de\\\/ct\\\/artikel\\\/2-Klicks-fuer-mehr-Datenschutz-1333879.html\",\"uri\":\"https:\\\/\\\/blogs.uni-paderborn.de\\\/evth\\\/2025\\\/04\\\/22\\\/terminueberblick-zum-oberseminar-aktuelle-fragen-der-theologie\\\/\",\"post_id\":2135,\"post_title_referrer_track\":\"Termin%C3%BCberblick+zum+Oberseminar+%26%238222%3BAktuelle+Fragen+der+Theologie%26%238220%3B\",\"display_infobox\":\"on\"});}});\n\/* ]]> *\/<\/script><\/div>\n<div data-wp-interactive=\"core\/file\" class=\"wp-block-file\"><object data-wp-bind--hidden=\"!state.hasPdfPreview\" hidden class=\"wp-block-file__embed\" data=\"https:\/\/blogs.uni-paderborn.de\/evth\/files\/2025\/04\/Oberseminar-Plakat.pdf\" type=\"application\/pdf\" style=\"width:100%;height:600px\" aria-label=\"Einbettung von Oberseminar Plakat.\"><\/object><a id=\"wp-block-file--media-44d1a07b-6da8-4a03-a1bd-443813bc2a95\" href=\"https:\/\/blogs.uni-paderborn.de\/evth\/files\/2025\/04\/Oberseminar-Plakat.pdf\">Oberseminar Plakat<\/a><a href=\"https:\/\/blogs.uni-paderborn.de\/evth\/files\/2025\/04\/Oberseminar-Plakat.pdf\" class=\"wp-block-file__button wp-element-button\" download aria-describedby=\"wp-block-file--media-44d1a07b-6da8-4a03-a1bd-443813bc2a95\">Herunterladen<\/a><\/div>\n\n\n\n<p>In Paderborn gibt es die lange Tradition, dass im Rahmen eines gemeinsamen Austauschs aktuelle Promotions- und Forschungsprojekte mittwochsabends vorgestellt und diskutiert werden. Organisatorisch und inhaltlich verantworten das Format Harald Schroeter-Wittke und Claudia Bergmann. Auch in diesem Semester findet das forschungsorientierte Oberseminar wieder hybrid statt, sodass die erweiterte Instituts\u00f6ffentlichkeit, z. B. auch Alumni, teilnehmen k\u00f6nnen. Der Link kann auf Anfrage bei den EvAlumni-Kontaktpersonen Jan Christian Pinsch, Michelle Ginder oder Anne Breckner versandt werden.  Bei Technikfragen ist Hendrik zur M\u00fchlen ansprechbar. Wer in Pr\u00e4senz teilnehmen will, kann dies in L1.201 gerne tun. Die einzelnen Termine sind hier aufgef\u00fchrt, etwaige kurzfristige \u00c4nderungen im <a href=\"https:\/\/paul.uni-paderborn.de\/scripts\/mgrqispi.dll?APPNAME=CampusNet&amp;PRGNAME=COURSEDETAILS&amp;ARGUMENTS=-N000000000000001,-N000707,-N0,-N391904560949016,-N391904560910017,-N0,-N0,-N0\">Vorlesungsverzeichnis<\/a> unter L.053.00501 Aktuelle Fragen der Theologie ersichtlich: <\/p>\n\n\n\n<!--more-->\n\n\n\n<p>23.04.25, 18.15-20.30h: Claudia Bergmann: Sarah-Hagar-Project I<br>07.05.25, 18.15-20.30h: Claudia Bergmann: Sarah-Hagar-Project II<br>14.05.25, 18.15-20.30h: Simon Wiebe: Russlanddeutsche Eschatologien<br>21.05.25, 18.15-20.30h: Steffen Hunder: Rabbi-Krimis<br>04.06.25, 18.15-20.30h: Benjamin Fischer: Juristische Ethik im BRU<br>Di. 10.06.25, 11-16h: Bibeldorf Rietberg<br>25.06.25, 18.15-20.30h: Reinhard K\u00f6lsch: Religionen in G\u00fctersloh<br>02.07.25, 18.15-20.30h: Marie Schlierkamp: Haltung von Religionslehrkr\u00e4ften zu Inklusion<br>09.07.25, 18.15-20.30h: Michelle Ginder: Zweifel und Glaube<\/p>\n\n\n\n<p>Zu dem internationalen Forschungsprojekt zu Sarah und Hagar finden sich n\u00e4here Informationen unten im Blog.<\/p>\n","protected":false},"excerpt":{"rendered":"<p>In Paderborn gibt es die lange Tradition, dass im Rahmen eines gemeinsamen Austauschs aktuelle Promotions- und Forschungsprojekte mittwochsabends vorgestellt und diskutiert werden. Organisatorisch und inhaltlich verantworten das Format Harald Schroeter-Wittke und Claudia Bergmann. Auch in diesem Semester findet das forschungsorientierte Oberseminar wieder hybrid statt, sodass die erweiterte Instituts\u00f6ffentlichkeit, z. B. auch Alumni, teilnehmen k\u00f6nnen. Der &hellip; <a href=\"https:\/\/blogs.uni-paderborn.de\/evth\/2025\/04\/22\/terminueberblick-zum-oberseminar-aktuelle-fragen-der-theologie\/\" class=\"more-link\"><span class=\"screen-reader-text\">\u201eTermin\u00fcberblick zum Oberseminar &#8222;Aktuelle Fragen der Theologie&#8220;\u201c <\/span>weiterlesen<\/a><\/p>\n","protected":false},"author":8230,"featured_media":0,"comment_status":"closed","ping_status":"open","sticky":false,"template":"","format":"standard","meta":{"footnotes":""},"categories":[1,256,112,359,293,142],"tags":[401,281,184],"class_list":["post-2135","post","type-post","status-publish","format-standard","hentry","category-allgemein","category-alumni","category-institut","category-interdisziplinaerer-austausch","category-prof-dr-c-bergmann","category-prof-dr-h-schroeter-wittke","tag-aktuelle-fragen","tag-forschung","tag-internationalisierung"],"_links":{"self":[{"href":"https:\/\/blogs.uni-paderborn.de\/evth\/wp-json\/wp\/v2\/posts\/2135","targetHints":{"allow":["GET"]}}],"collection":[{"href":"https:\/\/blogs.uni-paderborn.de\/evth\/wp-json\/wp\/v2\/posts"}],"about":[{"href":"https:\/\/blogs.uni-paderborn.de\/evth\/wp-json\/wp\/v2\/types\/post"}],"author":[{"embeddable":true,"href":"https:\/\/blogs.uni-paderborn.de\/evth\/wp-json\/wp\/v2\/users\/8230"}],"replies":[{"embeddable":true,"href":"https:\/\/blogs.uni-paderborn.de\/evth\/wp-json\/wp\/v2\/comments?post=2135"}],"version-history":[{"count":2,"href":"https:\/\/blogs.uni-paderborn.de\/evth\/wp-json\/wp\/v2\/posts\/2135\/revisions"}],"predecessor-version":[{"id":2140,"href":"https:\/\/blogs.uni-paderborn.de\/evth\/wp-json\/wp\/v2\/posts\/2135\/revisions\/2140"}],"wp:attachment":[{"href":"https:\/\/blogs.uni-paderborn.de\/evth\/wp-json\/wp\/v2\/media?parent=2135"}],"wp:term":[{"taxonomy":"category","embeddable":true,"href":"https:\/\/blogs.uni-paderborn.de\/evth\/wp-json\/wp\/v2\/categories?post=2135"},{"taxonomy":"post_tag","embeddable":true,"href":"https:\/\/blogs.uni-paderborn.de\/evth\/wp-json\/wp\/v2\/tags?post=2135"}],"curies":[{"name":"wp","href":"https:\/\/api.w.org\/{rel}","templated":true}]}}