{"id":1929,"date":"2024-10-08T08:43:08","date_gmt":"2024-10-08T06:43:08","guid":{"rendered":"https:\/\/blogs.uni-paderborn.de\/evth\/?p=1929"},"modified":"2024-10-08T08:43:08","modified_gmt":"2024-10-08T06:43:08","slug":"studientag-zur-antisemitismuspraevention","status":"publish","type":"post","link":"https:\/\/blogs.uni-paderborn.de\/evth\/2024\/10\/08\/studientag-zur-antisemitismuspraevention\/","title":{"rendered":"Studientag zur Antisemitismuspr\u00e4vention"},"content":{"rendered":"<div class=\"twoclick_social_bookmarks_post_1929 social_share_privacy clearfix 1.6.4 locale-de_DE sprite-de_DE\"><\/div><div class=\"twoclick-js\"><script type=\"text\/javascript\">\/* <![CDATA[ *\/\njQuery(document).ready(function($){if($('.twoclick_social_bookmarks_post_1929')){$('.twoclick_social_bookmarks_post_1929').socialSharePrivacy({\"txt_help\":\"Wenn Sie diese Felder durch einen Klick aktivieren, werden Informationen an Facebook, Twitter, Flattr, Xing, t3n, LinkedIn, Pinterest oder Google eventuell ins Ausland \\u00fcbertragen und unter Umst\\u00e4nden auch dort gespeichert. N\\u00e4heres erfahren Sie durch einen Klick auf das <em>i<\\\/em>.\",\"settings_perma\":\"Dauerhaft aktivieren und Daten\\u00fcber-tragung zustimmen:\",\"info_link\":\"http:\\\/\\\/www.heise.de\\\/ct\\\/artikel\\\/2-Klicks-fuer-mehr-Datenschutz-1333879.html\",\"uri\":\"https:\\\/\\\/blogs.uni-paderborn.de\\\/evth\\\/2024\\\/10\\\/08\\\/studientag-zur-antisemitismuspraevention\\\/\",\"post_id\":1929,\"post_title_referrer_track\":\"Studientag+zur+Antisemitismuspr%C3%A4vention\",\"display_infobox\":\"on\"});}});\n\/* ]]> *\/<\/script><\/div>\n<div data-wp-interactive=\"core\/file\" class=\"wp-block-file\"><object data-wp-bind--hidden=\"!state.hasPdfPreview\" hidden class=\"wp-block-file__embed\" data=\"https:\/\/blogs.uni-paderborn.de\/evth\/files\/2024\/10\/Plakat-EB-Studientag-2024.pdf\" type=\"application\/pdf\" style=\"width:100%;height:600px\" aria-label=\"Einbettung von Plakat-EB-Studientag-2024.\"><\/object><a id=\"wp-block-file--media-0a53154a-c45c-428d-902e-3d8d611f8464\" href=\"https:\/\/blogs.uni-paderborn.de\/evth\/files\/2024\/10\/Plakat-EB-Studientag-2024.pdf\">Plakat-EB-Studientag-2024<\/a><a href=\"https:\/\/blogs.uni-paderborn.de\/evth\/files\/2024\/10\/Plakat-EB-Studientag-2024.pdf\" class=\"wp-block-file__button wp-element-button\" download aria-describedby=\"wp-block-file--media-0a53154a-c45c-428d-902e-3d8d611f8464\">Herunterladen<\/a><\/div>\n\n\n\n<p>Die Kooperation zwischen dem <a href=\"https:\/\/evangelischer-bund.de\/events\/studientag-du-jude-christlicher-antisemitismus-als-bleibende-herausforderung\/\">Evangelischen Bund<\/a> (EB) Rheinland, dem EB Westfalen\/Lippe und dem Institut f\u00fcr Ev. Theologie der Universit\u00e4t Paderborn in Hinsicht auf Studientage hat eine mindestens f\u00fcnfj\u00e4hrige Tradition. Nun geht die Studientagskooperation in eine neue Runde und inkludiert Studierende evangelischer Theologie aus den Hochschulstandorten Bielefeld und Wuppertal in das erfolgreiche Veranstaltungsformat. Am 15. November 2024 tauschen sich von 10 bis ca. 15 Uhr renommierte Wissenschaftler*innen und ausgewiesene Expert*innen im Gebiet der Antisemitismus-Forschung mit den Studierenden im Haus der Evangelischen Kirche in Essen aus. Im Anschluss gibt es noch eine F\u00fchrung durch die Alte Synagoge Essen.<\/p>\n\n\n\n<!--more-->\n\n\n\n<p>Das leitende Thema des Tages lautet &#8222;Christlicher Antisemitismus als bleibende Herausforderung&#8220;. Den Aufschlag macht Katharina von Kellenbach, die derzeit als Vertretungsprofessorin den Lehrstuhl f\u00fcr Systematische Theologie in Paderborn repr\u00e4sentiert, aber vorher als Referentin der Evangelischen Akademie zu Berlin z. B. den Podcast &#8222;<a href=\"https:\/\/www.eaberlin.de\/themen\/projekte\/bildstoerungen\/\">Bildst\u00f6rungen. Der antisemitismuskritische Podcast<\/a>&#8220; mitverantwortet hat. Im Anschluss an ihre thematische Er\u00f6ffnung werden die Hochschulpreise des EB Rheinland und des EB Westfalen\/Lippe verliehen, die Studierende f\u00fcr herausragende Studien- und Abschlussarbeiten im Bereich \u00d6kumene und Konfessionskunde ehren. <\/p>\n\n\n\n<p>Thematisch geht es anschlie\u00dfend mit einer der f\u00fchrenden Stimmen der Wahrnehmung von Antisemitismus in der Theologie weiter: Andreas Pangritz ist u. a. f\u00fcr das Buch &#8222;Die Schattenseite des Christentums. Theologie und Antisemitismus&#8220; (2023) bekannt. Als Erg\u00e4nzung und Erweiterung zu der kritischen Sicht auf Wissenschaft und Kirche bereichert Julia Bernstein das Panel, die in einer aufwendig angelegten Untersuchung den &#8222;Antisemitismus in Schulen in Deutschland&#8220; (2020) sichtbar gemacht hat und die erschreckenden Befunde durch Analysen und Handlungsoptionen erg\u00e4nzt. Zusammengetragen und tiefgehender diskutiert werden diese Perspektiven in Workshops. <\/p>\n\n\n\n<p>Im Organisationsteam war u. a. Jan Christian Pinsch, der als Wissenschaftlicher Mitarbeiter der Kirchengeschichte in Paderborn und als Wissenschaftlicher Mitarbeiter in W\u00fcrzburg mit der Verbindung zum Zentrum f\u00fcr antisemitismuskritische Bildung im Feld der Gruppenbezogenen Menschenfeindlichkeit gut vernetzt ist. Ihm gilt ebenso wie allen anderen Organisator*innen ein gro\u00dfer Dank und er kann bei R\u00fcckfragen oder Anmeldewunsch per Email erreicht werden. Herzliche Einladung zum Studientag, dessen Aktualit\u00e4t sich nicht nur durch den Jahrestag des 07.10.2023 zeigt, sondern z. B. auch durch die NRW-Landesstudie zur Verbreitung antisemitischer Vorurteile, die Ende September ver\u00f6ffentlicht wurde.<\/p>\n\n\n\n<p><\/p>\n","protected":false},"excerpt":{"rendered":"<p>Die Kooperation zwischen dem Evangelischen Bund (EB) Rheinland, dem EB Westfalen\/Lippe und dem Institut f\u00fcr Ev. Theologie der Universit\u00e4t Paderborn in Hinsicht auf Studientage hat eine mindestens f\u00fcnfj\u00e4hrige Tradition. Nun geht die Studientagskooperation in eine neue Runde und inkludiert Studierende evangelischer Theologie aus den Hochschulstandorten Bielefeld und Wuppertal in das erfolgreiche Veranstaltungsformat. Am 15. November &hellip; <a href=\"https:\/\/blogs.uni-paderborn.de\/evth\/2024\/10\/08\/studientag-zur-antisemitismuspraevention\/\" class=\"more-link\"><span class=\"screen-reader-text\">\u201eStudientag zur Antisemitismuspr\u00e4vention\u201c <\/span>weiterlesen<\/a><\/p>\n","protected":false},"author":8230,"featured_media":0,"comment_status":"closed","ping_status":"open","sticky":false,"template":"","format":"standard","meta":{"footnotes":""},"categories":[246,359,363],"tags":[366,367,237,186,260],"class_list":["post-1929","post","type-post","status-publish","format-standard","hentry","category-j-c-pinsch","category-interdisziplinaerer-austausch","category-prof-dr-k-von-kellenbach","tag-antisemitismuspraevention","tag-evangelischer-bund","tag-kooperation","tag-religionsunterricht","tag-tagung"],"_links":{"self":[{"href":"https:\/\/blogs.uni-paderborn.de\/evth\/wp-json\/wp\/v2\/posts\/1929","targetHints":{"allow":["GET"]}}],"collection":[{"href":"https:\/\/blogs.uni-paderborn.de\/evth\/wp-json\/wp\/v2\/posts"}],"about":[{"href":"https:\/\/blogs.uni-paderborn.de\/evth\/wp-json\/wp\/v2\/types\/post"}],"author":[{"embeddable":true,"href":"https:\/\/blogs.uni-paderborn.de\/evth\/wp-json\/wp\/v2\/users\/8230"}],"replies":[{"embeddable":true,"href":"https:\/\/blogs.uni-paderborn.de\/evth\/wp-json\/wp\/v2\/comments?post=1929"}],"version-history":[{"count":1,"href":"https:\/\/blogs.uni-paderborn.de\/evth\/wp-json\/wp\/v2\/posts\/1929\/revisions"}],"predecessor-version":[{"id":1931,"href":"https:\/\/blogs.uni-paderborn.de\/evth\/wp-json\/wp\/v2\/posts\/1929\/revisions\/1931"}],"wp:attachment":[{"href":"https:\/\/blogs.uni-paderborn.de\/evth\/wp-json\/wp\/v2\/media?parent=1929"}],"wp:term":[{"taxonomy":"category","embeddable":true,"href":"https:\/\/blogs.uni-paderborn.de\/evth\/wp-json\/wp\/v2\/categories?post=1929"},{"taxonomy":"post_tag","embeddable":true,"href":"https:\/\/blogs.uni-paderborn.de\/evth\/wp-json\/wp\/v2\/tags?post=1929"}],"curies":[{"name":"wp","href":"https:\/\/api.w.org\/{rel}","templated":true}]}}