{"id":1887,"date":"2024-06-19T15:01:18","date_gmt":"2024-06-19T13:01:18","guid":{"rendered":"https:\/\/blogs.uni-paderborn.de\/evth\/?p=1887"},"modified":"2024-06-19T20:08:34","modified_gmt":"2024-06-19T18:08:34","slug":"interreligioese-exkursion-nach-hannover","status":"publish","type":"post","link":"https:\/\/blogs.uni-paderborn.de\/evth\/2024\/06\/19\/interreligioese-exkursion-nach-hannover\/","title":{"rendered":"Interreligi\u00f6se Exkursion nach Hannover"},"content":{"rendered":"<div class=\"twoclick_social_bookmarks_post_1887 social_share_privacy clearfix 1.6.4 locale-de_DE sprite-de_DE\"><\/div><div class=\"twoclick-js\"><script type=\"text\/javascript\">\/* <![CDATA[ *\/\njQuery(document).ready(function($){if($('.twoclick_social_bookmarks_post_1887')){$('.twoclick_social_bookmarks_post_1887').socialSharePrivacy({\"txt_help\":\"Wenn Sie diese Felder durch einen Klick aktivieren, werden Informationen an Facebook, Twitter, Flattr, Xing, t3n, LinkedIn, Pinterest oder Google eventuell ins Ausland \\u00fcbertragen und unter Umst\\u00e4nden auch dort gespeichert. N\\u00e4heres erfahren Sie durch einen Klick auf das <em>i<\\\/em>.\",\"settings_perma\":\"Dauerhaft aktivieren und Daten\\u00fcber-tragung zustimmen:\",\"info_link\":\"http:\\\/\\\/www.heise.de\\\/ct\\\/artikel\\\/2-Klicks-fuer-mehr-Datenschutz-1333879.html\",\"uri\":\"https:\\\/\\\/blogs.uni-paderborn.de\\\/evth\\\/2024\\\/06\\\/19\\\/interreligioese-exkursion-nach-hannover\\\/\",\"post_id\":1887,\"post_title_referrer_track\":\"Interreligi%C3%B6se+Exkursion+nach+Hannover\",\"display_infobox\":\"on\"});}});\n\/* ]]> *\/<\/script><\/div>\n<figure class=\"wp-block-image size-large\"><img loading=\"lazy\" decoding=\"async\" width=\"1024\" height=\"652\" src=\"https:\/\/blogs.uni-paderborn.de\/evth\/files\/2024\/06\/image0-3-1-1024x652.jpeg\" alt=\"\" class=\"wp-image-1889\" srcset=\"https:\/\/blogs.uni-paderborn.de\/evth\/files\/2024\/06\/image0-3-1-1024x652.jpeg 1024w, https:\/\/blogs.uni-paderborn.de\/evth\/files\/2024\/06\/image0-3-1-300x191.jpeg 300w, https:\/\/blogs.uni-paderborn.de\/evth\/files\/2024\/06\/image0-3-1-768x489.jpeg 768w, https:\/\/blogs.uni-paderborn.de\/evth\/files\/2024\/06\/image0-3-1-1200x764.jpeg 1200w, https:\/\/blogs.uni-paderborn.de\/evth\/files\/2024\/06\/image0-3-1.jpeg 1280w\" sizes=\"auto, (max-width: 709px) 85vw, (max-width: 909px) 67vw, (max-width: 1362px) 62vw, 840px\" \/><\/figure>\n\n\n\n<p>Im Verbund mehrerer Seminare haben PD Dr. Raphaela Meyer zu H\u00f6rste-B\u00fchrer und Michelle Ginder zusammen mit einigen Studierenden w\u00e4hrend der Lesewoche das Haus der Religionen in Hannover besucht. Dr. Hamideh Mohagheghi, Ratssprecherin des Rates der Religionen in Hannover, hat dort das Konzept des Hauses vorgestellt und ist mit den Studierenden \u00fcber die Einbindung des Hauses in den Religionsunterricht ins Gespr\u00e4ch gekommen. Ein anschlie\u00dfender Besuch in der Vi\u00ean Gi\u00e1c Pagode hat eine weitere M\u00f6glichkeit f\u00fcr einen interreligi\u00f6sen Austausch geboten. Ein Rundgang durch die R\u00e4umlichkeiten und eine gemeinsame angeleitete Meditation haben den Studierenden Einblicke in den vietnamesischen Buddhismus erm\u00f6glicht.<\/p>\n\n\n\n<p>Text und Bild: Michelle Ginder<\/p>\n\n\n\n<p><\/p>\n","protected":false},"excerpt":{"rendered":"<p>Im Verbund mehrerer Seminare haben PD Dr. Raphaela Meyer zu H\u00f6rste-B\u00fchrer und Michelle Ginder zusammen mit einigen Studierenden w\u00e4hrend der Lesewoche das Haus der Religionen in Hannover besucht. Dr. Hamideh Mohagheghi, Ratssprecherin des Rates der Religionen in Hannover, hat dort das Konzept des Hauses vorgestellt und ist mit den Studierenden \u00fcber die Einbindung des Hauses &hellip; <a href=\"https:\/\/blogs.uni-paderborn.de\/evth\/2024\/06\/19\/interreligioese-exkursion-nach-hannover\/\" class=\"more-link\"><span class=\"screen-reader-text\">\u201eInterreligi\u00f6se Exkursion nach Hannover\u201c <\/span>weiterlesen<\/a><\/p>\n","protected":false},"author":8230,"featured_media":0,"comment_status":"closed","ping_status":"open","sticky":false,"template":"","format":"standard","meta":{"footnotes":""},"categories":[1,112,204,345,351,167],"tags":[349,347,348,248,237],"class_list":["post-1887","post","type-post","status-publish","format-standard","hentry","category-allgemein","category-institut","category-interreligioeser-dialog","category-m-ginder","category-pd-dr-r-meyer-zu-hoerste-buehrer","category-systematische-theologie","tag-buddhismus","tag-hannover","tag-haus-der-religionen","tag-interreligioeser-dialog","tag-kooperation"],"_links":{"self":[{"href":"https:\/\/blogs.uni-paderborn.de\/evth\/wp-json\/wp\/v2\/posts\/1887","targetHints":{"allow":["GET"]}}],"collection":[{"href":"https:\/\/blogs.uni-paderborn.de\/evth\/wp-json\/wp\/v2\/posts"}],"about":[{"href":"https:\/\/blogs.uni-paderborn.de\/evth\/wp-json\/wp\/v2\/types\/post"}],"author":[{"embeddable":true,"href":"https:\/\/blogs.uni-paderborn.de\/evth\/wp-json\/wp\/v2\/users\/8230"}],"replies":[{"embeddable":true,"href":"https:\/\/blogs.uni-paderborn.de\/evth\/wp-json\/wp\/v2\/comments?post=1887"}],"version-history":[{"count":3,"href":"https:\/\/blogs.uni-paderborn.de\/evth\/wp-json\/wp\/v2\/posts\/1887\/revisions"}],"predecessor-version":[{"id":1891,"href":"https:\/\/blogs.uni-paderborn.de\/evth\/wp-json\/wp\/v2\/posts\/1887\/revisions\/1891"}],"wp:attachment":[{"href":"https:\/\/blogs.uni-paderborn.de\/evth\/wp-json\/wp\/v2\/media?parent=1887"}],"wp:term":[{"taxonomy":"category","embeddable":true,"href":"https:\/\/blogs.uni-paderborn.de\/evth\/wp-json\/wp\/v2\/categories?post=1887"},{"taxonomy":"post_tag","embeddable":true,"href":"https:\/\/blogs.uni-paderborn.de\/evth\/wp-json\/wp\/v2\/tags?post=1887"}],"curies":[{"name":"wp","href":"https:\/\/api.w.org\/{rel}","templated":true}]}}