{"id":1829,"date":"2024-05-21T12:21:26","date_gmt":"2024-05-21T10:21:26","guid":{"rendered":"https:\/\/blogs.uni-paderborn.de\/evth\/?p=1829"},"modified":"2024-05-21T12:21:26","modified_gmt":"2024-05-21T10:21:26","slug":"herzliche-einladung-zu-antrittsvorlesungen","status":"publish","type":"post","link":"https:\/\/blogs.uni-paderborn.de\/evth\/2024\/05\/21\/herzliche-einladung-zu-antrittsvorlesungen\/","title":{"rendered":"Herzliche Einladung zu Antrittsvorlesungen"},"content":{"rendered":"<div class=\"twoclick_social_bookmarks_post_1829 social_share_privacy clearfix 1.6.4 locale-de_DE sprite-de_DE\"><\/div><div class=\"twoclick-js\"><script type=\"text\/javascript\">\/* <![CDATA[ *\/\njQuery(document).ready(function($){if($('.twoclick_social_bookmarks_post_1829')){$('.twoclick_social_bookmarks_post_1829').socialSharePrivacy({\"txt_help\":\"Wenn Sie diese Felder durch einen Klick aktivieren, werden Informationen an Facebook, Twitter, Flattr, Xing, t3n, LinkedIn, Pinterest oder Google eventuell ins Ausland \\u00fcbertragen und unter Umst\\u00e4nden auch dort gespeichert. N\\u00e4heres erfahren Sie durch einen Klick auf das <em>i<\\\/em>.\",\"settings_perma\":\"Dauerhaft aktivieren und Daten\\u00fcber-tragung zustimmen:\",\"info_link\":\"http:\\\/\\\/www.heise.de\\\/ct\\\/artikel\\\/2-Klicks-fuer-mehr-Datenschutz-1333879.html\",\"uri\":\"https:\\\/\\\/blogs.uni-paderborn.de\\\/evth\\\/2024\\\/05\\\/21\\\/herzliche-einladung-zu-antrittsvorlesungen\\\/\",\"post_id\":1829,\"post_title_referrer_track\":\"Herzliche+Einladung+zu+Antrittsvorlesungen\",\"display_infobox\":\"on\"});}});\n\/* ]]> *\/<\/script><\/div>\n<div data-wp-interactive=\"core\/file\" class=\"wp-block-file\"><object data-wp-bind--hidden=\"!state.hasPdfPreview\" hidden class=\"wp-block-file__embed\" data=\"https:\/\/blogs.uni-paderborn.de\/evth\/files\/2024\/05\/Plakat-Antrittsvorlesung.pdf\" type=\"application\/pdf\" style=\"width:100%;height:540px\" aria-label=\"Einbettung von Plakat-Antrittsvorlesung.\"><\/object><a id=\"wp-block-file--media-aaac7ab0-c0cd-4e7d-a70e-9c369829cea3\" href=\"https:\/\/blogs.uni-paderborn.de\/evth\/files\/2024\/05\/Plakat-Antrittsvorlesung.pdf\">Plakat-Antrittsvorlesung<\/a><a href=\"https:\/\/blogs.uni-paderborn.de\/evth\/files\/2024\/05\/Plakat-Antrittsvorlesung.pdf\" class=\"wp-block-file__button wp-element-button\" download aria-describedby=\"wp-block-file--media-aaac7ab0-c0cd-4e7d-a70e-9c369829cea3\">Herunterladen<\/a><\/div>\n\n\n\n<p>Ein Save-the-date zu den Antrittsvorlesungen von Prof. Dr. Claudia D. Bergmann, PD Dr. Hans-Christoph Go\u00dfmann und PD Dr. Mathias Kissel gab es vor einiger Zeit bereits. Nun l\u00e4dt das Institut f\u00fcr Ev. Theologie offiziell dazu ein, am Freitag, 14.06.2024 ab 14:15 Uhr die Vortr\u00e4ge zu h\u00f6ren und im Anschluss beim Empfang in der ESG nahe dem Campus ins Gespr\u00e4ch zu kommen. Das H\u00f6ren ist entweder in Pr\u00e4senz im H\u00f6rsaal C1 auf dem Campus m\u00f6glich oder digital per Livestream. Um Anmeldung zum Empfang wird gebeten, bitte bei Karina Kuppe.<\/p>\n\n\n\n<!--more-->\n\n\n\n<p>Die Vortr\u00e4ge behandeln drei wichtige Themenkomplexe der Theologie. Bergmann wird als neue Inhaberin des Lehrstuhls f\u00fcr Biblische Theologie zun\u00e4chst zu der &#8222;Bedeutung der Frage in der Bibel&#8220; sprechen. Musikalische Intermezzos  erm\u00f6glichen dann den \u00dcbergang zu den Themen der im Jahr 2023 habilitierten Go\u00dfmann und Kissel. Ersterer betrachtet &#8222;Antisemitismuspr\u00e4vention als theologische Herausforderung&#8220;, letzterer besch\u00e4ftigt sich mit &#8222;Lesungen im christlichen Gottesdienst&#8220;. Allen Interessierten gilt die herzliche Einladung!<\/p>\n","protected":false},"excerpt":{"rendered":"<p>Ein Save-the-date zu den Antrittsvorlesungen von Prof. Dr. Claudia D. Bergmann, PD Dr. Hans-Christoph Go\u00dfmann und PD Dr. Mathias Kissel gab es vor einiger Zeit bereits. Nun l\u00e4dt das Institut f\u00fcr Ev. Theologie offiziell dazu ein, am Freitag, 14.06.2024 ab 14:15 Uhr die Vortr\u00e4ge zu h\u00f6ren und im Anschluss beim Empfang in der ESG nahe &hellip; <a href=\"https:\/\/blogs.uni-paderborn.de\/evth\/2024\/05\/21\/herzliche-einladung-zu-antrittsvorlesungen\/\" class=\"more-link\"><span class=\"screen-reader-text\">\u201eHerzliche Einladung zu Antrittsvorlesungen\u201c <\/span>weiterlesen<\/a><\/p>\n","protected":false},"author":8230,"featured_media":0,"comment_status":"closed","ping_status":"open","sticky":false,"template":"","format":"standard","meta":{"footnotes":""},"categories":[1,174,112,82,293],"tags":[338,339],"class_list":["post-1829","post","type-post","status-publish","format-standard","hentry","category-allgemein","category-biblische-theologie","category-institut","category-praktische-theologie","category-prof-dr-c-bergmann","tag-antrittsvorlesungen","tag-einladung"],"_links":{"self":[{"href":"https:\/\/blogs.uni-paderborn.de\/evth\/wp-json\/wp\/v2\/posts\/1829","targetHints":{"allow":["GET"]}}],"collection":[{"href":"https:\/\/blogs.uni-paderborn.de\/evth\/wp-json\/wp\/v2\/posts"}],"about":[{"href":"https:\/\/blogs.uni-paderborn.de\/evth\/wp-json\/wp\/v2\/types\/post"}],"author":[{"embeddable":true,"href":"https:\/\/blogs.uni-paderborn.de\/evth\/wp-json\/wp\/v2\/users\/8230"}],"replies":[{"embeddable":true,"href":"https:\/\/blogs.uni-paderborn.de\/evth\/wp-json\/wp\/v2\/comments?post=1829"}],"version-history":[{"count":2,"href":"https:\/\/blogs.uni-paderborn.de\/evth\/wp-json\/wp\/v2\/posts\/1829\/revisions"}],"predecessor-version":[{"id":1837,"href":"https:\/\/blogs.uni-paderborn.de\/evth\/wp-json\/wp\/v2\/posts\/1829\/revisions\/1837"}],"wp:attachment":[{"href":"https:\/\/blogs.uni-paderborn.de\/evth\/wp-json\/wp\/v2\/media?parent=1829"}],"wp:term":[{"taxonomy":"category","embeddable":true,"href":"https:\/\/blogs.uni-paderborn.de\/evth\/wp-json\/wp\/v2\/categories?post=1829"},{"taxonomy":"post_tag","embeddable":true,"href":"https:\/\/blogs.uni-paderborn.de\/evth\/wp-json\/wp\/v2\/tags?post=1829"}],"curies":[{"name":"wp","href":"https:\/\/api.w.org\/{rel}","templated":true}]}}