{"id":1815,"date":"2024-04-22T09:21:20","date_gmt":"2024-04-22T07:21:20","guid":{"rendered":"https:\/\/blogs.uni-paderborn.de\/evth\/?p=1815"},"modified":"2024-04-22T17:09:43","modified_gmt":"2024-04-22T15:09:43","slug":"lesung-mit-musik-und-talk","status":"publish","type":"post","link":"https:\/\/blogs.uni-paderborn.de\/evth\/2024\/04\/22\/lesung-mit-musik-und-talk\/","title":{"rendered":"Lesung mit Musik und Talk"},"content":{"rendered":"<div class=\"twoclick_social_bookmarks_post_1815 social_share_privacy clearfix 1.6.4 locale-de_DE sprite-de_DE\"><\/div><div class=\"twoclick-js\"><script type=\"text\/javascript\">\/* <![CDATA[ *\/\njQuery(document).ready(function($){if($('.twoclick_social_bookmarks_post_1815')){$('.twoclick_social_bookmarks_post_1815').socialSharePrivacy({\"txt_help\":\"Wenn Sie diese Felder durch einen Klick aktivieren, werden Informationen an Facebook, Twitter, Flattr, Xing, t3n, LinkedIn, Pinterest oder Google eventuell ins Ausland \\u00fcbertragen und unter Umst\\u00e4nden auch dort gespeichert. N\\u00e4heres erfahren Sie durch einen Klick auf das <em>i<\\\/em>.\",\"settings_perma\":\"Dauerhaft aktivieren und Daten\\u00fcber-tragung zustimmen:\",\"info_link\":\"http:\\\/\\\/www.heise.de\\\/ct\\\/artikel\\\/2-Klicks-fuer-mehr-Datenschutz-1333879.html\",\"uri\":\"https:\\\/\\\/blogs.uni-paderborn.de\\\/evth\\\/2024\\\/04\\\/22\\\/lesung-mit-musik-und-talk\\\/\",\"post_id\":1815,\"post_title_referrer_track\":\"Lesung+mit+Musik+und+Talk\",\"display_infobox\":\"on\"});}});\n\/* ]]> *\/<\/script><\/div>\n<div data-wp-interactive=\"core\/file\" class=\"wp-block-file\"><object data-wp-bind--hidden=\"!state.hasPdfPreview\" hidden class=\"wp-block-file__embed\" data=\"https:\/\/blogs.uni-paderborn.de\/evth\/files\/2024\/04\/Lesung_Sarah_Vecera.pdf\" type=\"application\/pdf\" style=\"width:100%;height:670px\" aria-label=\"Einbettung von Lesung_Sarah_Vecera.\"><\/object><a id=\"wp-block-file--media-d21a591a-1ca3-481b-8974-83777945c4c1\" href=\"https:\/\/blogs.uni-paderborn.de\/evth\/files\/2024\/04\/Lesung_Sarah_Vecera.pdf\">Lesung_Sarah_Vecera<\/a><a href=\"https:\/\/blogs.uni-paderborn.de\/evth\/files\/2024\/04\/Lesung_Sarah_Vecera.pdf\" class=\"wp-block-file__button wp-element-button\" download aria-describedby=\"wp-block-file--media-d21a591a-1ca3-481b-8974-83777945c4c1\">Herunterladen<\/a><\/div>\n\n\n\n<p>Das Institut pflegt seit Langem regelm\u00e4\u00dfig seine lokalen Kooperationen. Dazu geh\u00f6rt auch die Zusammenarbeit in Sachen regionaler Theologiegeschichte mit der Gedenkst\u00e4tte Wewelsburg. Volker Kohlschmidt ist einer der dortigen Kooperationspartner, als Projektkoordinator f\u00fcr das Projekt NRWeltoffen beim Kreis Paderborn, mit Dienstsitz im Kreismuseum Wewelsburg. Dort <br>engagiert er sich f\u00fcr die Erinnerung an die Schrecken der NS-Zeit, der SS und des KZs in B\u00fcren und gleichzeitig ist er verantwortlich f\u00fcr die Umsetzung eines Handlungskonzeptes zur Pr\u00e4vention von Rassismus und Rechtsextremismus. In diesem Zusammenhang hat er mit Harald Schroeter-Wittke eine gemeinsame Veranstaltung konzipiert: Die Autorin Sarah Vecera liest aus ihrem Buch &#8222;Wie ist Jesus wei\u00df geworden? &#8211; Mein Traum von einer Kirche ohne Rassismus&#8220;, musikalisch von Harald Schroeter-Wittke begleitet. Auch zum Austausch wird am 15.05.2024 um 19 Uhr im Forum St. Liborius die M\u00f6glichkeit geboten.<\/p>\n\n\n\n<!--more-->\n\n\n\n<p>Sarah Vecera ist Theologin, Religionsp\u00e4dagogin und Senior Bildungskoordinatorin in der Abteilung Deutschland der Vereinten Ev. Mission sowie Mitglied im Pr\u00e4sidium des Dt. Evangelischen Kirchentags. Sie ist Autorin des ersten Buches zum Thema \u201eRassismus und Kirche\u201c. Von Anfang an war die Kirche f\u00fcr alle Menschen gedacht. Trotzdem gibt es auch in ihr und im christlichen Glauben rassistische Strukturen, die wei\u00dfen Menschen meist gar nicht auffallen. Die Kirchen positionieren sich gegen Rassismus, schauen dabei aber eher nach au\u00dfen als auf sich selbst. Sarah Vecera macht an konkreten Beispielen auf diese Probleme aufmerksam und gibt Hinweise, wie jede*r etwas dagegen tun kann. So will sie ermutigen, eine Kirche zu gestalten, in der sich alle willkommen und angenommen f\u00fchlen.<\/p>\n\n\n\n<p>N\u00e4here Informationen und Anmeldung unter: info@vielfalt-lieben.de<\/p>\n","protected":false},"excerpt":{"rendered":"<p>Das Institut pflegt seit Langem regelm\u00e4\u00dfig seine lokalen Kooperationen. Dazu geh\u00f6rt auch die Zusammenarbeit in Sachen regionaler Theologiegeschichte mit der Gedenkst\u00e4tte Wewelsburg. Volker Kohlschmidt ist einer der dortigen Kooperationspartner, als Projektkoordinator f\u00fcr das Projekt NRWeltoffen beim Kreis Paderborn, mit Dienstsitz im Kreismuseum Wewelsburg. Dort engagiert er sich f\u00fcr die Erinnerung an die Schrecken der NS-Zeit, &hellip; <a href=\"https:\/\/blogs.uni-paderborn.de\/evth\/2024\/04\/22\/lesung-mit-musik-und-talk\/\" class=\"more-link\"><span class=\"screen-reader-text\">\u201eLesung mit Musik und Talk\u201c <\/span>weiterlesen<\/a><\/p>\n","protected":false},"author":8230,"featured_media":0,"comment_status":"closed","ping_status":"open","sticky":false,"template":"","format":"standard","meta":{"footnotes":""},"categories":[152,112,62,82,142],"tags":[235,336,237,335,337],"class_list":["post-1815","post","type-post","status-publish","format-standard","hentry","category-ev-kirche-v-westfalen","category-institut","category-kirchengeschichte","category-praktische-theologie","category-prof-dr-h-schroeter-wittke","tag-institutsengagement","tag-kirchenkreis","tag-kooperation","tag-rassismuskritik","tag-wewelsburg"],"_links":{"self":[{"href":"https:\/\/blogs.uni-paderborn.de\/evth\/wp-json\/wp\/v2\/posts\/1815","targetHints":{"allow":["GET"]}}],"collection":[{"href":"https:\/\/blogs.uni-paderborn.de\/evth\/wp-json\/wp\/v2\/posts"}],"about":[{"href":"https:\/\/blogs.uni-paderborn.de\/evth\/wp-json\/wp\/v2\/types\/post"}],"author":[{"embeddable":true,"href":"https:\/\/blogs.uni-paderborn.de\/evth\/wp-json\/wp\/v2\/users\/8230"}],"replies":[{"embeddable":true,"href":"https:\/\/blogs.uni-paderborn.de\/evth\/wp-json\/wp\/v2\/comments?post=1815"}],"version-history":[{"count":3,"href":"https:\/\/blogs.uni-paderborn.de\/evth\/wp-json\/wp\/v2\/posts\/1815\/revisions"}],"predecessor-version":[{"id":1821,"href":"https:\/\/blogs.uni-paderborn.de\/evth\/wp-json\/wp\/v2\/posts\/1815\/revisions\/1821"}],"wp:attachment":[{"href":"https:\/\/blogs.uni-paderborn.de\/evth\/wp-json\/wp\/v2\/media?parent=1815"}],"wp:term":[{"taxonomy":"category","embeddable":true,"href":"https:\/\/blogs.uni-paderborn.de\/evth\/wp-json\/wp\/v2\/categories?post=1815"},{"taxonomy":"post_tag","embeddable":true,"href":"https:\/\/blogs.uni-paderborn.de\/evth\/wp-json\/wp\/v2\/tags?post=1815"}],"curies":[{"name":"wp","href":"https:\/\/api.w.org\/{rel}","templated":true}]}}