{"id":1636,"date":"2023-09-01T11:28:17","date_gmt":"2023-09-01T09:28:17","guid":{"rendered":"https:\/\/blogs.uni-paderborn.de\/evth\/?p=1636"},"modified":"2023-09-01T11:28:17","modified_gmt":"2023-09-01T09:28:17","slug":"paderborner-podcast-beteiligung-bei-amerikanischer-jewish-drinking-show","status":"publish","type":"post","link":"https:\/\/blogs.uni-paderborn.de\/evth\/2023\/09\/01\/paderborner-podcast-beteiligung-bei-amerikanischer-jewish-drinking-show\/","title":{"rendered":"Paderborner Podcast-Beteiligung bei amerikanischer &#8222;Jewish Drinking Show&#8220;"},"content":{"rendered":"<div class=\"twoclick_social_bookmarks_post_1636 social_share_privacy clearfix 1.6.4 locale-de_DE sprite-de_DE\"><\/div><div class=\"twoclick-js\"><script type=\"text\/javascript\">\/* <![CDATA[ *\/\njQuery(document).ready(function($){if($('.twoclick_social_bookmarks_post_1636')){$('.twoclick_social_bookmarks_post_1636').socialSharePrivacy({\"txt_help\":\"Wenn Sie diese Felder durch einen Klick aktivieren, werden Informationen an Facebook, Twitter, Flattr, Xing, t3n, LinkedIn, Pinterest oder Google eventuell ins Ausland \\u00fcbertragen und unter Umst\\u00e4nden auch dort gespeichert. N\\u00e4heres erfahren Sie durch einen Klick auf das <em>i<\\\/em>.\",\"settings_perma\":\"Dauerhaft aktivieren und Daten\\u00fcber-tragung zustimmen:\",\"info_link\":\"http:\\\/\\\/www.heise.de\\\/ct\\\/artikel\\\/2-Klicks-fuer-mehr-Datenschutz-1333879.html\",\"uri\":\"https:\\\/\\\/blogs.uni-paderborn.de\\\/evth\\\/2023\\\/09\\\/01\\\/paderborner-podcast-beteiligung-bei-amerikanischer-jewish-drinking-show\\\/\",\"post_id\":1636,\"post_title_referrer_track\":\"Paderborner+Podcast-Beteiligung+bei+amerikanischer+%26%238222%3BJewish+Drinking+Show%26%238220%3B\",\"display_infobox\":\"on\"});}});\n\/* ]]> *\/<\/script><\/div>\n<figure class=\"wp-block-image size-large\"><img loading=\"lazy\" decoding=\"async\" width=\"1024\" height=\"583\" src=\"https:\/\/blogs.uni-paderborn.de\/evth\/files\/2023\/09\/Screenshot-2023-09-01-112421-1024x583.png\" alt=\"\" class=\"wp-image-1637\" srcset=\"https:\/\/blogs.uni-paderborn.de\/evth\/files\/2023\/09\/Screenshot-2023-09-01-112421-1024x583.png 1024w, https:\/\/blogs.uni-paderborn.de\/evth\/files\/2023\/09\/Screenshot-2023-09-01-112421-300x171.png 300w, https:\/\/blogs.uni-paderborn.de\/evth\/files\/2023\/09\/Screenshot-2023-09-01-112421-768x437.png 768w, https:\/\/blogs.uni-paderborn.de\/evth\/files\/2023\/09\/Screenshot-2023-09-01-112421-1200x683.png 1200w, https:\/\/blogs.uni-paderborn.de\/evth\/files\/2023\/09\/Screenshot-2023-09-01-112421.png 1378w\" sizes=\"auto, (max-width: 709px) 85vw, (max-width: 909px) 67vw, (max-width: 1362px) 62vw, 840px\" \/><\/figure>\n\n\n\n<p>In den letzten Jahrzehnten fragte man im Zuge des sogenannten\u00a0<em>cultural turn\u00a0<\/em>endlich nach den symbolischen, kulturellen und historischen Aspekten der Nahrungsaufnahme. Das war in der Forschung l\u00e4ngst \u00fcberf\u00e4llig, ist das gemeinsame Speisen doch ein wichtiges Thema in der Bibel und auch allen heutigen Menschen als Allt\u00e4glichkeit vertraut. Wie und was wir essen und trinken macht uns zu dem, was wir sind. Und auch die umgekehrte Aussage ist richtig: Wer wir sind, entscheidet dar\u00fcber, was wir essen und trinken. Nahrungsaufnahme und Identit\u00e4t h\u00e4ngen eng zusammen, und das ist f\u00fcr die Gegenwart genauso wahr wie f\u00fcr die Antike.<\/p>\n\n\n\n<!--more-->\n\n\n\n<p>Claudia Bergmann, Professurvertreterin f\u00fcr&nbsp;&#8222;Evangelische Theologie mit dem Schwerpunkt Biblische Exegese und Theologie&#8220;&nbsp;in Paderborn hat viel zu diesem Thema ver\u00f6ffentlicht. Sie beschr\u00e4nkt sich in ihren Forschungen aber nicht nur auf &#8222;reale Mahlzeiten&#8220; in der erz\u00e4hlten biblischen Welt, sondern schaut auch auf imaginierte k\u00fcnftige M\u00e4hler in der Antike. Wie stellten sich J\u00fcdinnen und Juden vor tausenden und hunderten Jahren die Kommende Welt vor? Als reichhaltig gedeckten Tisch!<em><\/em><\/p>\n\n\n\n<p>Einer ihrer wissenschaftlichen Artikel erweckte k\u00fcrzlich die Neugier von Drew Kaplan. Der Amerikaner betreibt die erfolgreiche Podcast-Serie &#8222;The Jewish Drinking Show&#8220;, die \u00fcber alles berichtet, was mit Trinken und Getr\u00e4nken im j\u00fcdischen Kontext zu tun hat. Kaplan l\u00e4dt sie alle ein: Rabbiner:innen, Historiker:innen, Brauereibesitzer:innen, Linguist:innen, Sozialarbeiter:innen, Psycholog:innen, Musikwissenschaftler:innen, Kunst- und Kulturwissenschaftler:innen. Jeder und jede, die etwas zum Thema beizutragen hat, ist beim Podcast willkommen. Und so entstanden bis heute 137 Episoden des Podcasts, bei dem Rabbi Drew wissbegierig, neugierig, und auch oft mit einer Prise Humor Spezialist:innen zu ihren Themen befragt. Hier finden Sie eine Liste der bisher verf\u00fcgbaren Episoden:&nbsp;<a href=\"http:\/\/jewishdrinking.com\/publications\/show\/jewishdrinkingshow\/\" target=\"_blank\" rel=\"noreferrer noopener\">http:\/\/jewishdrinking.com\/publications\/show\/jewishdrinkingshow\/<\/a>. In Folge 137 spricht Claudia Bergmann zur Frage des Trinkens in der Kommenden Welt:&nbsp;<a href=\"http:\/\/jewishdrinking.com\/2ndtempleworldtocome\/\" target=\"_blank\" rel=\"noreferrer noopener\">http:\/\/jewishdrinking.com\/2ndtempleworldtocome\/<\/a>.<\/p>\n\n\n\n<p>\u00dcbrigens: Unter &#8222;Resources&#8220; (<a rel=\"noreferrer noopener\" href=\"http:\/\/jewishdrinking.com\/resources\/\" target=\"_blank\">http:\/\/jewishdrinking.com\/resources\/<\/a>) gibt es auf der Website der &#8222;Jewish Drinking Show&#8220; auch zahlreiche Hinweise auf biblische und au\u00dferbiblische Quellen, Arbeitsbl\u00e4tter, Informationen \u00fcber koschere Getr\u00e4nke und Informationen dar\u00fcber, wohin man sich wenden kann, wenn man alkoholabh\u00e4ngig ist.<\/p>\n\n\n\n<p>Text: Claudia Bergmann, Bild: Screenshot von der Homepage<\/p>\n","protected":false},"excerpt":{"rendered":"<p>In den letzten Jahrzehnten fragte man im Zuge des sogenannten\u00a0cultural turn\u00a0endlich nach den symbolischen, kulturellen und historischen Aspekten der Nahrungsaufnahme. Das war in der Forschung l\u00e4ngst \u00fcberf\u00e4llig, ist das gemeinsame Speisen doch ein wichtiges Thema in der Bibel und auch allen heutigen Menschen als Allt\u00e4glichkeit vertraut. Wie und was wir essen und trinken macht uns &hellip; <a href=\"https:\/\/blogs.uni-paderborn.de\/evth\/2023\/09\/01\/paderborner-podcast-beteiligung-bei-amerikanischer-jewish-drinking-show\/\" class=\"more-link\"><span class=\"screen-reader-text\">\u201ePaderborner Podcast-Beteiligung bei amerikanischer &#8222;Jewish Drinking Show&#8220;\u201c <\/span>weiterlesen<\/a><\/p>\n","protected":false},"author":8230,"featured_media":0,"comment_status":"closed","ping_status":"open","sticky":false,"template":"","format":"standard","meta":{"footnotes":""},"categories":[174,112,204,293,72],"tags":[301,302,235,184,299,300],"class_list":["post-1636","post","type-post","status-publish","format-standard","hentry","category-biblische-theologie","category-institut","category-interreligioeser-dialog","category-prof-dr-c-bergmann","category-publikationen","tag-alkohol","tag-forschungsthemen","tag-institutsengagement","tag-internationalisierung","tag-judentum","tag-podcast"],"_links":{"self":[{"href":"https:\/\/blogs.uni-paderborn.de\/evth\/wp-json\/wp\/v2\/posts\/1636","targetHints":{"allow":["GET"]}}],"collection":[{"href":"https:\/\/blogs.uni-paderborn.de\/evth\/wp-json\/wp\/v2\/posts"}],"about":[{"href":"https:\/\/blogs.uni-paderborn.de\/evth\/wp-json\/wp\/v2\/types\/post"}],"author":[{"embeddable":true,"href":"https:\/\/blogs.uni-paderborn.de\/evth\/wp-json\/wp\/v2\/users\/8230"}],"replies":[{"embeddable":true,"href":"https:\/\/blogs.uni-paderborn.de\/evth\/wp-json\/wp\/v2\/comments?post=1636"}],"version-history":[{"count":1,"href":"https:\/\/blogs.uni-paderborn.de\/evth\/wp-json\/wp\/v2\/posts\/1636\/revisions"}],"predecessor-version":[{"id":1638,"href":"https:\/\/blogs.uni-paderborn.de\/evth\/wp-json\/wp\/v2\/posts\/1636\/revisions\/1638"}],"wp:attachment":[{"href":"https:\/\/blogs.uni-paderborn.de\/evth\/wp-json\/wp\/v2\/media?parent=1636"}],"wp:term":[{"taxonomy":"category","embeddable":true,"href":"https:\/\/blogs.uni-paderborn.de\/evth\/wp-json\/wp\/v2\/categories?post=1636"},{"taxonomy":"post_tag","embeddable":true,"href":"https:\/\/blogs.uni-paderborn.de\/evth\/wp-json\/wp\/v2\/tags?post=1636"}],"curies":[{"name":"wp","href":"https:\/\/api.w.org\/{rel}","templated":true}]}}