{"id":1614,"date":"2023-06-28T12:17:21","date_gmt":"2023-06-28T10:17:21","guid":{"rendered":"https:\/\/blogs.uni-paderborn.de\/evth\/?p=1614"},"modified":"2023-06-28T12:17:21","modified_gmt":"2023-06-28T10:17:21","slug":"wege-zum-religionslehrerin-sein","status":"publish","type":"post","link":"https:\/\/blogs.uni-paderborn.de\/evth\/2023\/06\/28\/wege-zum-religionslehrerin-sein\/","title":{"rendered":"Wege zum Religionslehrer*in-Sein"},"content":{"rendered":"<div class=\"twoclick_social_bookmarks_post_1614 social_share_privacy clearfix 1.6.4 locale-de_DE sprite-de_DE\"><\/div><div class=\"twoclick-js\"><script type=\"text\/javascript\">\/* <![CDATA[ *\/\njQuery(document).ready(function($){if($('.twoclick_social_bookmarks_post_1614')){$('.twoclick_social_bookmarks_post_1614').socialSharePrivacy({\"txt_help\":\"Wenn Sie diese Felder durch einen Klick aktivieren, werden Informationen an Facebook, Twitter, Flattr, Xing, t3n, LinkedIn, Pinterest oder Google eventuell ins Ausland \\u00fcbertragen und unter Umst\\u00e4nden auch dort gespeichert. N\\u00e4heres erfahren Sie durch einen Klick auf das <em>i<\\\/em>.\",\"settings_perma\":\"Dauerhaft aktivieren und Daten\\u00fcber-tragung zustimmen:\",\"info_link\":\"http:\\\/\\\/www.heise.de\\\/ct\\\/artikel\\\/2-Klicks-fuer-mehr-Datenschutz-1333879.html\",\"uri\":\"https:\\\/\\\/blogs.uni-paderborn.de\\\/evth\\\/2023\\\/06\\\/28\\\/wege-zum-religionslehrerin-sein\\\/\",\"post_id\":1614,\"post_title_referrer_track\":\"Wege+zum+Religionslehrer%2Ain-Sein\",\"display_infobox\":\"on\"});}});\n\/* ]]> *\/<\/script><\/div>\n<p>Vom 23.-25.06.2023 fand im Tagungshaus Sonnenwinkel bei Detmold ein Blockseminar f\u00fcr 25 zuk\u00fcnftige Religionslehrkr\u00e4fte aus OWL statt. Die bereits etablierte Kooperationsveranstaltung wurde durch Richard Janus als Vertretungsprofessor in der Religionsp\u00e4dagogik der Universit\u00e4t Bielefeld und durch Anne Breckner als Wissenschaftliche Mitarbeiterin in der Religionsp\u00e4dagogik der Universit\u00e4t Paderborn begleitet; mitgeplant und -verantwortet wurden die Tage au\u00dferdem von Andreas Mattke, Schulreferent der Lippischen Landeskirche. <\/p>\n\n\n\n<!--more-->\n\n\n\n<p>Die Veranstaltung zielte auf die Reflexion des je individuellen biografischen Lernens und der religi\u00f6sen Sozialisation als fortlaufender Prozess ab. Au\u00dferdem wurden Fragen des Staatskirchenrechts, z. B. Vokation angesprochen und bibeldidaktisch gearbeitet. Einzelne Arbeitsergebnisse sind fotografisch in der Bildergalerie ersichtlich.<\/p>\n\n\n\n<figure class=\"wp-block-gallery has-nested-images columns-default is-cropped wp-block-gallery-1 is-layout-flex wp-block-gallery-is-layout-flex\">\n<figure class=\"wp-block-image size-large\"><img loading=\"lazy\" decoding=\"async\" width=\"951\" height=\"1024\" data-id=\"1618\" src=\"https:\/\/blogs.uni-paderborn.de\/evth\/files\/2023\/06\/ReligionslehrerSein-951x1024.jpeg\" alt=\"\" class=\"wp-image-1618\" srcset=\"https:\/\/blogs.uni-paderborn.de\/evth\/files\/2023\/06\/ReligionslehrerSein-951x1024.jpeg 951w, https:\/\/blogs.uni-paderborn.de\/evth\/files\/2023\/06\/ReligionslehrerSein-279x300.jpeg 279w, https:\/\/blogs.uni-paderborn.de\/evth\/files\/2023\/06\/ReligionslehrerSein-768x827.jpeg 768w, https:\/\/blogs.uni-paderborn.de\/evth\/files\/2023\/06\/ReligionslehrerSein-1427x1536.jpeg 1427w, https:\/\/blogs.uni-paderborn.de\/evth\/files\/2023\/06\/ReligionslehrerSein-1902x2048.jpeg 1902w, https:\/\/blogs.uni-paderborn.de\/evth\/files\/2023\/06\/ReligionslehrerSein-1200x1292.jpeg 1200w\" sizes=\"auto, (max-width: 709px) 85vw, (max-width: 909px) 67vw, (max-width: 1362px) 62vw, 840px\" \/><\/figure>\n\n\n\n<figure class=\"wp-block-image size-large\"><img loading=\"lazy\" decoding=\"async\" width=\"768\" height=\"1024\" data-id=\"1623\" src=\"https:\/\/blogs.uni-paderborn.de\/evth\/files\/2023\/06\/20230623_201300-768x1024.jpg\" alt=\"\" class=\"wp-image-1623\" srcset=\"https:\/\/blogs.uni-paderborn.de\/evth\/files\/2023\/06\/20230623_201300-768x1024.jpg 768w, https:\/\/blogs.uni-paderborn.de\/evth\/files\/2023\/06\/20230623_201300-225x300.jpg 225w, https:\/\/blogs.uni-paderborn.de\/evth\/files\/2023\/06\/20230623_201300-1152x1536.jpg 1152w, https:\/\/blogs.uni-paderborn.de\/evth\/files\/2023\/06\/20230623_201300-1536x2048.jpg 1536w, https:\/\/blogs.uni-paderborn.de\/evth\/files\/2023\/06\/20230623_201300-1200x1600.jpg 1200w, https:\/\/blogs.uni-paderborn.de\/evth\/files\/2023\/06\/20230623_201300-scaled.jpg 1920w\" sizes=\"auto, (max-width: 709px) 85vw, (max-width: 909px) 67vw, (max-width: 984px) 61vw, (max-width: 1362px) 45vw, 600px\" \/><\/figure>\n\n\n\n<figure class=\"wp-block-image size-large\"><img loading=\"lazy\" decoding=\"async\" width=\"768\" height=\"1024\" data-id=\"1616\" src=\"https:\/\/blogs.uni-paderborn.de\/evth\/files\/2023\/06\/IMG_8406-768x1024.jpg\" alt=\"\" class=\"wp-image-1616\" srcset=\"https:\/\/blogs.uni-paderborn.de\/evth\/files\/2023\/06\/IMG_8406-768x1024.jpg 768w, https:\/\/blogs.uni-paderborn.de\/evth\/files\/2023\/06\/IMG_8406-225x300.jpg 225w, https:\/\/blogs.uni-paderborn.de\/evth\/files\/2023\/06\/IMG_8406-1152x1536.jpg 1152w, https:\/\/blogs.uni-paderborn.de\/evth\/files\/2023\/06\/IMG_8406-1536x2048.jpg 1536w, https:\/\/blogs.uni-paderborn.de\/evth\/files\/2023\/06\/IMG_8406-1200x1600.jpg 1200w, https:\/\/blogs.uni-paderborn.de\/evth\/files\/2023\/06\/IMG_8406-scaled.jpg 1920w\" sizes=\"auto, (max-width: 709px) 85vw, (max-width: 909px) 67vw, (max-width: 984px) 61vw, (max-width: 1362px) 45vw, 600px\" \/><\/figure>\n\n\n\n<figure class=\"wp-block-image size-large\"><img decoding=\"async\" data-id=\"1615\" src=\"https:\/\/blogs.uni-paderborn.de\/evth\/files\/2023\/06\/IMG_3877.jpeg\" alt=\"\" class=\"wp-image-1615\" \/><\/figure>\n\n\n\n<figure class=\"wp-block-image size-large\"><img loading=\"lazy\" decoding=\"async\" width=\"578\" height=\"1024\" data-id=\"1619\" src=\"https:\/\/blogs.uni-paderborn.de\/evth\/files\/2023\/06\/20230623_200201-578x1024.jpg\" alt=\"\" class=\"wp-image-1619\" srcset=\"https:\/\/blogs.uni-paderborn.de\/evth\/files\/2023\/06\/20230623_200201-578x1024.jpg 578w, https:\/\/blogs.uni-paderborn.de\/evth\/files\/2023\/06\/20230623_200201-169x300.jpg 169w, https:\/\/blogs.uni-paderborn.de\/evth\/files\/2023\/06\/20230623_200201-768x1362.jpg 768w, https:\/\/blogs.uni-paderborn.de\/evth\/files\/2023\/06\/20230623_200201-866x1536.jpg 866w, https:\/\/blogs.uni-paderborn.de\/evth\/files\/2023\/06\/20230623_200201-1155x2048.jpg 1155w, https:\/\/blogs.uni-paderborn.de\/evth\/files\/2023\/06\/20230623_200201-1200x2128.jpg 1200w, https:\/\/blogs.uni-paderborn.de\/evth\/files\/2023\/06\/20230623_200201-scaled.jpg 1444w\" sizes=\"auto, (max-width: 578px) 85vw, 578px\" \/><\/figure>\n\n\n\n<figure class=\"wp-block-image size-large\"><img loading=\"lazy\" decoding=\"async\" width=\"576\" height=\"1024\" data-id=\"1617\" src=\"https:\/\/blogs.uni-paderborn.de\/evth\/files\/2023\/06\/20230623_200212-576x1024.jpg\" alt=\"\" class=\"wp-image-1617\" srcset=\"https:\/\/blogs.uni-paderborn.de\/evth\/files\/2023\/06\/20230623_200212-576x1024.jpg 576w, https:\/\/blogs.uni-paderborn.de\/evth\/files\/2023\/06\/20230623_200212-169x300.jpg 169w, https:\/\/blogs.uni-paderborn.de\/evth\/files\/2023\/06\/20230623_200212-768x1365.jpg 768w, https:\/\/blogs.uni-paderborn.de\/evth\/files\/2023\/06\/20230623_200212-864x1536.jpg 864w, https:\/\/blogs.uni-paderborn.de\/evth\/files\/2023\/06\/20230623_200212-1152x2048.jpg 1152w, https:\/\/blogs.uni-paderborn.de\/evth\/files\/2023\/06\/20230623_200212-1200x2133.jpg 1200w, https:\/\/blogs.uni-paderborn.de\/evth\/files\/2023\/06\/20230623_200212-scaled.jpg 1440w\" sizes=\"auto, (max-width: 576px) 85vw, 576px\" \/><\/figure>\n\n\n\n<figure class=\"wp-block-image size-large\"><img loading=\"lazy\" decoding=\"async\" width=\"768\" height=\"1024\" data-id=\"1626\" src=\"https:\/\/blogs.uni-paderborn.de\/evth\/files\/2023\/06\/IMG_9959-768x1024.jpg\" alt=\"\" class=\"wp-image-1626\" srcset=\"https:\/\/blogs.uni-paderborn.de\/evth\/files\/2023\/06\/IMG_9959-768x1024.jpg 768w, https:\/\/blogs.uni-paderborn.de\/evth\/files\/2023\/06\/IMG_9959-225x300.jpg 225w, https:\/\/blogs.uni-paderborn.de\/evth\/files\/2023\/06\/IMG_9959-1152x1536.jpg 1152w, https:\/\/blogs.uni-paderborn.de\/evth\/files\/2023\/06\/IMG_9959-1536x2048.jpg 1536w, https:\/\/blogs.uni-paderborn.de\/evth\/files\/2023\/06\/IMG_9959-1200x1600.jpg 1200w, https:\/\/blogs.uni-paderborn.de\/evth\/files\/2023\/06\/IMG_9959-scaled.jpg 1920w\" sizes=\"auto, (max-width: 709px) 85vw, (max-width: 909px) 67vw, (max-width: 984px) 61vw, (max-width: 1362px) 45vw, 600px\" \/><\/figure>\n\n\n\n<figure class=\"wp-block-image size-large\"><img loading=\"lazy\" decoding=\"async\" width=\"240\" height=\"320\" data-id=\"1620\" src=\"https:\/\/blogs.uni-paderborn.de\/evth\/files\/2023\/06\/image0-1-rotated.jpeg\" alt=\"\" class=\"wp-image-1620\" srcset=\"https:\/\/blogs.uni-paderborn.de\/evth\/files\/2023\/06\/image0-1-rotated.jpeg 240w, https:\/\/blogs.uni-paderborn.de\/evth\/files\/2023\/06\/image0-1-225x300.jpeg 225w\" sizes=\"auto, (max-width: 240px) 85vw, 240px\" \/><\/figure>\n\n\n\n<figure class=\"wp-block-image size-large\"><img loading=\"lazy\" decoding=\"async\" width=\"768\" height=\"1024\" data-id=\"1624\" src=\"https:\/\/blogs.uni-paderborn.de\/evth\/files\/2023\/06\/image1-768x1024.jpeg\" alt=\"\" class=\"wp-image-1624\" srcset=\"https:\/\/blogs.uni-paderborn.de\/evth\/files\/2023\/06\/image1-768x1024.jpeg 768w, https:\/\/blogs.uni-paderborn.de\/evth\/files\/2023\/06\/image1-225x300.jpeg 225w, https:\/\/blogs.uni-paderborn.de\/evth\/files\/2023\/06\/image1-1152x1536.jpeg 1152w, https:\/\/blogs.uni-paderborn.de\/evth\/files\/2023\/06\/image1-1536x2048.jpeg 1536w, https:\/\/blogs.uni-paderborn.de\/evth\/files\/2023\/06\/image1-1200x1600.jpeg 1200w, https:\/\/blogs.uni-paderborn.de\/evth\/files\/2023\/06\/image1-scaled.jpeg 1920w\" sizes=\"auto, (max-width: 709px) 85vw, (max-width: 909px) 67vw, (max-width: 984px) 61vw, (max-width: 1362px) 45vw, 600px\" \/><\/figure>\n\n\n\n<figure class=\"wp-block-image size-large\"><img loading=\"lazy\" decoding=\"async\" width=\"768\" height=\"1024\" data-id=\"1625\" src=\"https:\/\/blogs.uni-paderborn.de\/evth\/files\/2023\/06\/image0-768x1024.jpeg\" alt=\"\" class=\"wp-image-1625\" srcset=\"https:\/\/blogs.uni-paderborn.de\/evth\/files\/2023\/06\/image0-768x1024.jpeg 768w, https:\/\/blogs.uni-paderborn.de\/evth\/files\/2023\/06\/image0-225x300.jpeg 225w, https:\/\/blogs.uni-paderborn.de\/evth\/files\/2023\/06\/image0-1152x1536.jpeg 1152w, https:\/\/blogs.uni-paderborn.de\/evth\/files\/2023\/06\/image0-1536x2048.jpeg 1536w, https:\/\/blogs.uni-paderborn.de\/evth\/files\/2023\/06\/image0-1200x1600.jpeg 1200w, https:\/\/blogs.uni-paderborn.de\/evth\/files\/2023\/06\/image0-scaled.jpeg 1920w\" sizes=\"auto, (max-width: 709px) 85vw, (max-width: 909px) 67vw, (max-width: 984px) 61vw, (max-width: 1362px) 45vw, 600px\" \/><\/figure>\n\n\n\n<figure class=\"wp-block-image size-large\"><img loading=\"lazy\" decoding=\"async\" width=\"1024\" height=\"1024\" data-id=\"1621\" src=\"https:\/\/blogs.uni-paderborn.de\/evth\/files\/2023\/06\/20230623_201835-1024x1024.jpg\" alt=\"\" class=\"wp-image-1621\" srcset=\"https:\/\/blogs.uni-paderborn.de\/evth\/files\/2023\/06\/20230623_201835-1024x1024.jpg 1024w, https:\/\/blogs.uni-paderborn.de\/evth\/files\/2023\/06\/20230623_201835-300x300.jpg 300w, https:\/\/blogs.uni-paderborn.de\/evth\/files\/2023\/06\/20230623_201835-150x150.jpg 150w, https:\/\/blogs.uni-paderborn.de\/evth\/files\/2023\/06\/20230623_201835-768x768.jpg 768w, https:\/\/blogs.uni-paderborn.de\/evth\/files\/2023\/06\/20230623_201835-1536x1536.jpg 1536w, https:\/\/blogs.uni-paderborn.de\/evth\/files\/2023\/06\/20230623_201835-2048x2048.jpg 2048w, https:\/\/blogs.uni-paderborn.de\/evth\/files\/2023\/06\/20230623_201835-1200x1200.jpg 1200w\" sizes=\"auto, (max-width: 709px) 85vw, (max-width: 909px) 67vw, (max-width: 1362px) 62vw, 840px\" \/><\/figure>\n\n\n\n<figure class=\"wp-block-image size-large\"><img loading=\"lazy\" decoding=\"async\" width=\"1024\" height=\"1024\" data-id=\"1622\" src=\"https:\/\/blogs.uni-paderborn.de\/evth\/files\/2023\/06\/20230623_201842-1024x1024.jpg\" alt=\"\" class=\"wp-image-1622\" srcset=\"https:\/\/blogs.uni-paderborn.de\/evth\/files\/2023\/06\/20230623_201842-1024x1024.jpg 1024w, https:\/\/blogs.uni-paderborn.de\/evth\/files\/2023\/06\/20230623_201842-300x300.jpg 300w, https:\/\/blogs.uni-paderborn.de\/evth\/files\/2023\/06\/20230623_201842-150x150.jpg 150w, https:\/\/blogs.uni-paderborn.de\/evth\/files\/2023\/06\/20230623_201842-768x768.jpg 768w, https:\/\/blogs.uni-paderborn.de\/evth\/files\/2023\/06\/20230623_201842-1536x1536.jpg 1536w, https:\/\/blogs.uni-paderborn.de\/evth\/files\/2023\/06\/20230623_201842-2048x2048.jpg 2048w, https:\/\/blogs.uni-paderborn.de\/evth\/files\/2023\/06\/20230623_201842-1200x1200.jpg 1200w\" sizes=\"auto, (max-width: 709px) 85vw, (max-width: 909px) 67vw, (max-width: 1362px) 62vw, 840px\" \/><\/figure>\n<\/figure>\n","protected":false},"excerpt":{"rendered":"<p>Vom 23.-25.06.2023 fand im Tagungshaus Sonnenwinkel bei Detmold ein Blockseminar f\u00fcr 25 zuk\u00fcnftige Religionslehrkr\u00e4fte aus OWL statt. Die bereits etablierte Kooperationsveranstaltung wurde durch Richard Janus als Vertretungsprofessor in der Religionsp\u00e4dagogik der Universit\u00e4t Bielefeld und durch Anne Breckner als Wissenschaftliche Mitarbeiterin in der Religionsp\u00e4dagogik der Universit\u00e4t Paderborn begleitet; mitgeplant und -verantwortet wurden die Tage au\u00dferdem von &hellip; <a href=\"https:\/\/blogs.uni-paderborn.de\/evth\/2023\/06\/28\/wege-zum-religionslehrerin-sein\/\" class=\"more-link\"><span class=\"screen-reader-text\">\u201eWege zum Religionslehrer*in-Sein\u201c <\/span>weiterlesen<\/a><\/p>\n","protected":false},"author":8230,"featured_media":0,"comment_status":"closed","ping_status":"open","sticky":false,"template":"","format":"standard","meta":{"footnotes":""},"categories":[176,112,32,220,82,52],"tags":[237,291,190,186],"class_list":["post-1614","post","type-post","status-publish","format-standard","hentry","category-anne-breckner","category-institut","category-dr-janus","category-performative-theologie","category-praktische-theologie","category-religionspaedagogik","tag-kooperation","tag-lippische-landeskirche","tag-religionspaedagogik","tag-religionsunterricht"],"_links":{"self":[{"href":"https:\/\/blogs.uni-paderborn.de\/evth\/wp-json\/wp\/v2\/posts\/1614","targetHints":{"allow":["GET"]}}],"collection":[{"href":"https:\/\/blogs.uni-paderborn.de\/evth\/wp-json\/wp\/v2\/posts"}],"about":[{"href":"https:\/\/blogs.uni-paderborn.de\/evth\/wp-json\/wp\/v2\/types\/post"}],"author":[{"embeddable":true,"href":"https:\/\/blogs.uni-paderborn.de\/evth\/wp-json\/wp\/v2\/users\/8230"}],"replies":[{"embeddable":true,"href":"https:\/\/blogs.uni-paderborn.de\/evth\/wp-json\/wp\/v2\/comments?post=1614"}],"version-history":[{"count":1,"href":"https:\/\/blogs.uni-paderborn.de\/evth\/wp-json\/wp\/v2\/posts\/1614\/revisions"}],"predecessor-version":[{"id":1627,"href":"https:\/\/blogs.uni-paderborn.de\/evth\/wp-json\/wp\/v2\/posts\/1614\/revisions\/1627"}],"wp:attachment":[{"href":"https:\/\/blogs.uni-paderborn.de\/evth\/wp-json\/wp\/v2\/media?parent=1614"}],"wp:term":[{"taxonomy":"category","embeddable":true,"href":"https:\/\/blogs.uni-paderborn.de\/evth\/wp-json\/wp\/v2\/categories?post=1614"},{"taxonomy":"post_tag","embeddable":true,"href":"https:\/\/blogs.uni-paderborn.de\/evth\/wp-json\/wp\/v2\/tags?post=1614"}],"curies":[{"name":"wp","href":"https:\/\/api.w.org\/{rel}","templated":true}]}}