{"id":1451,"date":"2022-05-18T17:29:00","date_gmt":"2022-05-18T15:29:00","guid":{"rendered":"https:\/\/blogs.uni-paderborn.de\/evth\/?p=1451"},"modified":"2022-05-19T09:32:24","modified_gmt":"2022-05-19T07:32:24","slug":"kirchliche-begleitung-von-promotions-studierenden-mit-paderborner-beteiligung","status":"publish","type":"post","link":"https:\/\/blogs.uni-paderborn.de\/evth\/2022\/05\/18\/kirchliche-begleitung-von-promotions-studierenden-mit-paderborner-beteiligung\/","title":{"rendered":"Kirchliche Begleitung von (Promotions-)Studierenden mit Paderborner Beteiligung"},"content":{"rendered":"<div class=\"twoclick_social_bookmarks_post_1451 social_share_privacy clearfix 1.6.4 locale-de_DE sprite-de_DE\"><\/div><div class=\"twoclick-js\"><script type=\"text\/javascript\">\/* <![CDATA[ *\/\njQuery(document).ready(function($){if($('.twoclick_social_bookmarks_post_1451')){$('.twoclick_social_bookmarks_post_1451').socialSharePrivacy({\"txt_help\":\"Wenn Sie diese Felder durch einen Klick aktivieren, werden Informationen an Facebook, Twitter, Flattr, Xing, t3n, LinkedIn, Pinterest oder Google eventuell ins Ausland \\u00fcbertragen und unter Umst\\u00e4nden auch dort gespeichert. N\\u00e4heres erfahren Sie durch einen Klick auf das <em>i<\\\/em>.\",\"settings_perma\":\"Dauerhaft aktivieren und Daten\\u00fcber-tragung zustimmen:\",\"info_link\":\"http:\\\/\\\/www.heise.de\\\/ct\\\/artikel\\\/2-Klicks-fuer-mehr-Datenschutz-1333879.html\",\"uri\":\"https:\\\/\\\/blogs.uni-paderborn.de\\\/evth\\\/2022\\\/05\\\/18\\\/kirchliche-begleitung-von-promotions-studierenden-mit-paderborner-beteiligung\\\/\",\"post_id\":1451,\"post_title_referrer_track\":\"Kirchliche+Begleitung+von+%28Promotions-%29Studierenden+mit+Paderborner+Beteiligung\",\"display_infobox\":\"on\"});}});\n\/* ]]> *\/<\/script><\/div>\n<p>F\u00fcr Pfarramtsstudierende gibt es kirchliche Begleitung seit vielen Jahren.  Diese Unterst\u00fctzungsangebote durch EKD und Landeskirchen werden seit einiger Zeit auch f\u00fcr Lehramtsstudierende der Evangelischen Theologie aufgebaut.  Dar\u00fcber hinaus gibt es seit 2021 f\u00fcr Promotionsstudierende mit Lehramtsabschluss das Angebot der kirchlichen Begleitung. Um ein Bewusstsein daf\u00fcr zu schaffen, dass es diese Angebote gibt und dass auch das Institut f\u00fcr Ev. Theologie in Paderborn diese Netzwerkarbeit unterst\u00fctzt, wird in diesem Blogbeitrag kurz darauf verwiesen, was stattfindet:<\/p>\n\n\n\n<!--more-->\n\n\n\n<ol class=\"wp-block-list\"><li>Regelm\u00e4\u00dfiges kooperatives <strong>Blockveranstaltungsangebot <\/strong>der Universit\u00e4t Paderborn und Bielefeld sowie landeskirchlicher Akteur*innen und teilweise ZfSL-Fachleiter*innen: Lehrveranstaltung &#8222;Religionslehrer*in sein&#8220; in Haus Sonnenwinkel bei Detmold, dabei steht die Reflexion der eigenen religi\u00f6sen Sozialisation im Fokus, wie die Fragen aus der Veranstaltungsank\u00fcndigung zeigen: <em>Was soll eine gute Religionslehrkraft k\u00f6nnen, um konfessionellen Religionsunterricht zu erteilen \u2013 also einen Religionsunterricht, bei dem sich Sch\u00fcler*innen am transparent gemachten Standpunkt der Lehrkraft reiben k\u00f6nnen? Was hat das mit dem Ziel der reflektierten Positionalit\u00e4t zu tun? Welche Rolle spielen dabei die eigene Biographie sowie die eigene Religiosit\u00e4t? Welche Erwartungen stellt die ev. Kirche an mich als sp\u00e4tere Religionslehrkraft? Welche Rolle will ich als ev. Religionslehrkraft einnehmen: Lernbegleiter*in, Seelsorger*in, Fachlehrer*in, Vorbild, Glaubenszeug*in, \u2026?<\/em><\/li><li>Infos und Veranstaltungen f\u00fcr <strong>Lehramtsstudierende aus dem Bereich der Westf\u00e4lischen Landeskirche<\/strong>: <a href=\"https:\/\/www.pi-villigst.de\/studierende\">https:\/\/www.pi-villigst.de\/studierende<\/a><\/li><li>Infos und Veranstaltungen  f\u00fcr <strong>Lehramtsstudierende aus dem Bereich der Lippischen Landeskirche<\/strong>: auf Anfrage bei Andreas Mattke <a href=\"https:\/\/www.lippische-landeskirche.de\/287-28-5\">https:\/\/www.lippische-landeskirche.de\/287-28-5<\/a><\/li><li>Infos und Veranstaltungen f\u00fcr <strong>Lehramtsstudierende aus dem Bereich der Rheinischen Landeskirche<\/strong>: <a href=\"https:\/\/meine.ekir.de\/lehramt\/fachstelle\/\">https:\/\/meine.ekir.de\/lehramt\/fachstelle\/<\/a><\/li><li>Infos und Veranstaltungen f\u00fcr <strong>Promotionsstudierende aller Landeskirchen der EKD<\/strong>: regelm\u00e4\u00dfiger Austausch, bisher drei digitale Netzwerktreffen (Poster s. u.)- genauere Infos bei Nina Schnelle oder Anne Breckner als Paderborner Ansprechpartnerinnen oder Claudia Andrews als hauptamtlicher Ansprechpartnerin der EKiR und EKD<\/li><li><strong>Weiterf\u00fchrende Infos<\/strong> zu den wissenschaftlich verankerten Bestrebungen der EKD, die kirchliche Begleitung auch f\u00fcr Lehramtsleute zu implementieren: <a href=\"https:\/\/comenius.de\/produkt\/kirchliche-begleitung-studierende-lehramt-evangelische-theologie\/\">https:\/\/comenius.de\/produkt\/kirchliche-begleitung-studierende-lehramt-evangelische-theologie\/<\/a><\/li><\/ol>\n\n\n\n<p>F\u00fcr die Aktualit\u00e4t der externen Links kann keine Verantwortung \u00fcbernommen werden. <\/p>\n\n\n\n<figure class=\"wp-block-gallery has-nested-images columns-default is-cropped wp-block-gallery-1 is-layout-flex wp-block-gallery-is-layout-flex\">\n<figure class=\"wp-block-image size-large\"><img loading=\"lazy\" decoding=\"async\" width=\"605\" height=\"853\" data-id=\"1457\" src=\"https:\/\/blogs.uni-paderborn.de\/evth\/files\/2022\/05\/Screenshot-2022-05-18-170918.png\" alt=\"\" class=\"wp-image-1457\" srcset=\"https:\/\/blogs.uni-paderborn.de\/evth\/files\/2022\/05\/Screenshot-2022-05-18-170918.png 605w, https:\/\/blogs.uni-paderborn.de\/evth\/files\/2022\/05\/Screenshot-2022-05-18-170918-213x300.png 213w\" sizes=\"auto, (max-width: 709px) 85vw, (max-width: 909px) 67vw, (max-width: 984px) 61vw, (max-width: 1362px) 45vw, 600px\" \/><\/figure>\n\n\n\n<figure class=\"wp-block-image size-large\"><img loading=\"lazy\" decoding=\"async\" width=\"609\" height=\"855\" data-id=\"1456\" src=\"https:\/\/blogs.uni-paderborn.de\/evth\/files\/2022\/05\/Screenshot-2022-05-18-170857.png\" alt=\"\" class=\"wp-image-1456\" srcset=\"https:\/\/blogs.uni-paderborn.de\/evth\/files\/2022\/05\/Screenshot-2022-05-18-170857.png 609w, https:\/\/blogs.uni-paderborn.de\/evth\/files\/2022\/05\/Screenshot-2022-05-18-170857-214x300.png 214w\" sizes=\"auto, (max-width: 709px) 85vw, (max-width: 909px) 67vw, (max-width: 984px) 61vw, (max-width: 1362px) 45vw, 600px\" \/><\/figure>\n\n\n\n<figure class=\"wp-block-image size-large\"><img loading=\"lazy\" decoding=\"async\" width=\"596\" height=\"847\" data-id=\"1454\" src=\"https:\/\/blogs.uni-paderborn.de\/evth\/files\/2022\/05\/Screenshot-2022-05-18-171209.png\" alt=\"\" class=\"wp-image-1454\" srcset=\"https:\/\/blogs.uni-paderborn.de\/evth\/files\/2022\/05\/Screenshot-2022-05-18-171209.png 596w, https:\/\/blogs.uni-paderborn.de\/evth\/files\/2022\/05\/Screenshot-2022-05-18-171209-211x300.png 211w\" sizes=\"auto, (max-width: 596px) 85vw, 596px\" \/><\/figure>\n\n\n\n<figure class=\"wp-block-image size-large\"><img loading=\"lazy\" decoding=\"async\" width=\"594\" height=\"845\" data-id=\"1455\" src=\"https:\/\/blogs.uni-paderborn.de\/evth\/files\/2022\/05\/Screenshot-2022-05-18-171152.png\" alt=\"\" class=\"wp-image-1455\" srcset=\"https:\/\/blogs.uni-paderborn.de\/evth\/files\/2022\/05\/Screenshot-2022-05-18-171152.png 594w, https:\/\/blogs.uni-paderborn.de\/evth\/files\/2022\/05\/Screenshot-2022-05-18-171152-211x300.png 211w\" sizes=\"auto, (max-width: 594px) 85vw, 594px\" \/><\/figure>\n<\/figure>\n","protected":false},"excerpt":{"rendered":"<p>F\u00fcr Pfarramtsstudierende gibt es kirchliche Begleitung seit vielen Jahren. Diese Unterst\u00fctzungsangebote durch EKD und Landeskirchen werden seit einiger Zeit auch f\u00fcr Lehramtsstudierende der Evangelischen Theologie aufgebaut. Dar\u00fcber hinaus gibt es seit 2021 f\u00fcr Promotionsstudierende mit Lehramtsabschluss das Angebot der kirchlichen Begleitung. Um ein Bewusstsein daf\u00fcr zu schaffen, dass es diese Angebote gibt und dass auch &hellip; <a href=\"https:\/\/blogs.uni-paderborn.de\/evth\/2022\/05\/18\/kirchliche-begleitung-von-promotions-studierenden-mit-paderborner-beteiligung\/\" class=\"more-link\"><span class=\"screen-reader-text\">\u201eKirchliche Begleitung von (Promotions-)Studierenden mit Paderborner Beteiligung\u201c <\/span>weiterlesen<\/a><\/p>\n","protected":false},"author":8230,"featured_media":0,"comment_status":"closed","ping_status":"open","sticky":false,"template":"","format":"standard","meta":{"footnotes":""},"categories":[1,176,152,112],"tags":[235,267,266],"class_list":["post-1451","post","type-post","status-publish","format-standard","hentry","category-allgemein","category-anne-breckner","category-ev-kirche-v-westfalen","category-institut","tag-institutsengagement","tag-kirchliche-begleitung","tag-netzwerkarbeit"],"_links":{"self":[{"href":"https:\/\/blogs.uni-paderborn.de\/evth\/wp-json\/wp\/v2\/posts\/1451","targetHints":{"allow":["GET"]}}],"collection":[{"href":"https:\/\/blogs.uni-paderborn.de\/evth\/wp-json\/wp\/v2\/posts"}],"about":[{"href":"https:\/\/blogs.uni-paderborn.de\/evth\/wp-json\/wp\/v2\/types\/post"}],"author":[{"embeddable":true,"href":"https:\/\/blogs.uni-paderborn.de\/evth\/wp-json\/wp\/v2\/users\/8230"}],"replies":[{"embeddable":true,"href":"https:\/\/blogs.uni-paderborn.de\/evth\/wp-json\/wp\/v2\/comments?post=1451"}],"version-history":[{"count":6,"href":"https:\/\/blogs.uni-paderborn.de\/evth\/wp-json\/wp\/v2\/posts\/1451\/revisions"}],"predecessor-version":[{"id":1466,"href":"https:\/\/blogs.uni-paderborn.de\/evth\/wp-json\/wp\/v2\/posts\/1451\/revisions\/1466"}],"wp:attachment":[{"href":"https:\/\/blogs.uni-paderborn.de\/evth\/wp-json\/wp\/v2\/media?parent=1451"}],"wp:term":[{"taxonomy":"category","embeddable":true,"href":"https:\/\/blogs.uni-paderborn.de\/evth\/wp-json\/wp\/v2\/categories?post=1451"},{"taxonomy":"post_tag","embeddable":true,"href":"https:\/\/blogs.uni-paderborn.de\/evth\/wp-json\/wp\/v2\/tags?post=1451"}],"curies":[{"name":"wp","href":"https:\/\/api.w.org\/{rel}","templated":true}]}}