{"id":1350,"date":"2021-10-14T12:35:40","date_gmt":"2021-10-14T10:35:40","guid":{"rendered":"https:\/\/blogs.uni-paderborn.de\/evth\/?p=1350"},"modified":"2021-10-14T12:44:59","modified_gmt":"2021-10-14T10:44:59","slug":"zusammenarbeit-mit-der-christlichen-theologischen-akademie-warschau-wird-intensiviert","status":"publish","type":"post","link":"https:\/\/blogs.uni-paderborn.de\/evth\/2021\/10\/14\/zusammenarbeit-mit-der-christlichen-theologischen-akademie-warschau-wird-intensiviert\/","title":{"rendered":"Zusammenarbeit mit der Christlichen Theologischen Akademie Warschau wird intensiviert"},"content":{"rendered":"<div class=\"twoclick_social_bookmarks_post_1350 social_share_privacy clearfix 1.6.4 locale-de_DE sprite-de_DE\"><\/div><div class=\"twoclick-js\"><script type=\"text\/javascript\">\/* <![CDATA[ *\/\njQuery(document).ready(function($){if($('.twoclick_social_bookmarks_post_1350')){$('.twoclick_social_bookmarks_post_1350').socialSharePrivacy({\"txt_help\":\"Wenn Sie diese Felder durch einen Klick aktivieren, werden Informationen an Facebook, Twitter, Flattr, Xing, t3n, LinkedIn, Pinterest oder Google eventuell ins Ausland \\u00fcbertragen und unter Umst\\u00e4nden auch dort gespeichert. N\\u00e4heres erfahren Sie durch einen Klick auf das <em>i<\\\/em>.\",\"settings_perma\":\"Dauerhaft aktivieren und Daten\\u00fcber-tragung zustimmen:\",\"info_link\":\"http:\\\/\\\/www.heise.de\\\/ct\\\/artikel\\\/2-Klicks-fuer-mehr-Datenschutz-1333879.html\",\"uri\":\"https:\\\/\\\/blogs.uni-paderborn.de\\\/evth\\\/2021\\\/10\\\/14\\\/zusammenarbeit-mit-der-christlichen-theologischen-akademie-warschau-wird-intensiviert\\\/\",\"post_id\":1350,\"post_title_referrer_track\":\"Zusammenarbeit+mit+der+Christlichen+Theologischen+Akademie+Warschau+wird+intensiviert\",\"display_infobox\":\"on\"});}});\n\/* ]]> *\/<\/script><\/div>\n<p>Seit rund einem Jahr besteht eine ERASMUS-Vereinbarung zwischen dem Institut f\u00fcr Evangelische Theologie an der Universit\u00e4t Paderborn und der Christlichen Theologischen Akademie (ChAT) Warschau. Aus Paderborn reiste nun wissenschaftlicher Mitarbeiter Jan Christian Pinsch in die polnische Hauptstadt, um sich mit den dortigen Vertretern \u00fcber eine Intensivierung der Zusammenarbeit und konkrete gemeinsame Projekte auszutauschen.<\/p>\n\n\n\n<!--more-->\n\n\n\n<figure class=\"wp-block-image size-large\"><img loading=\"lazy\" decoding=\"async\" width=\"1024\" height=\"768\" src=\"https:\/\/blogs.uni-paderborn.de\/evth\/files\/2021\/10\/Gruppenbild-ChAT-Warschau1-1024x768.jpg\" alt=\"\" class=\"wp-image-1354\" srcset=\"https:\/\/blogs.uni-paderborn.de\/evth\/files\/2021\/10\/Gruppenbild-ChAT-Warschau1-1024x768.jpg 1024w, https:\/\/blogs.uni-paderborn.de\/evth\/files\/2021\/10\/Gruppenbild-ChAT-Warschau1-300x225.jpg 300w, https:\/\/blogs.uni-paderborn.de\/evth\/files\/2021\/10\/Gruppenbild-ChAT-Warschau1-768x576.jpg 768w, https:\/\/blogs.uni-paderborn.de\/evth\/files\/2021\/10\/Gruppenbild-ChAT-Warschau1-1200x900.jpg 1200w, https:\/\/blogs.uni-paderborn.de\/evth\/files\/2021\/10\/Gruppenbild-ChAT-Warschau1.jpg 1460w\" sizes=\"auto, (max-width: 709px) 85vw, (max-width: 909px) 67vw, (max-width: 1362px) 62vw, 840px\" \/><figcaption>Jan Christian Pinsch, Prof. Andrzej Kluczy\u0144ski, Dr. Zbigniew Paszta, Prof. Jakub Slawik, Prof. Jerzy Sojka, Pfr. Dr. Grzegorz Olek (v.l.nr.)<\/figcaption><\/figure>\n\n\n\n<p>Prof. Jerzy Sojka, Professor f\u00fcr Kirchengeschichte und ERASMUS-Koordinator der ChAT Warschau, organisierte diese Begegnung, die einen Austausch \u00fcber die jeweiligen Perspektiven auf verschiedene Themen erm\u00f6glichte. Dazu geh\u00f6rten etwa die deutsch-polnische Verst\u00e4ndigungsarbeit und die gemeinsame Erinnerungskultur, die lange Geschichte des Antisemitismus und die gef\u00e4hrliche Symbiose von rechtskonservativem Christentum und Rechtspopulismus. In diesem Zusammenhang hielt Jan Christian Pinsch vor den Vertretern der evangelischen Sektion einen Vortrag mit dem Titel \u201eLuthers Judenfeindschaft als Herausforderung an den christlich-j\u00fcdischen Dialog\u201c mit anschlie\u00dfender Diskussion.<\/p>\n\n\n\n<p>\u201eInsbesondere die gemeinsamen Schwerpunktthemen aus der besonderen deutsch-polnischen Perspektive zeigen die Notwendigkeit eines friedens- und stabilit\u00e4tsstiftenden europ\u00e4ischen Zusammenhaltes auf, zudem lassen sich Religionsp\u00e4dagogik und Kirchengeschichte nur noch in einem europ\u00e4ischen Horizont betreiben\u201c, erkl\u00e4rt Jan Christian Pinsch das Interesse des Instituts f\u00fcr Evangelische Theologie an der Universit\u00e4t Paderborn, die Kontakte mit der ChAT Warschau im Rahmen seiner Internationalisierungsstrategie zu vertiefen. \u201eBereits dieser erste Austausch mit den Warschauer Kolleg*innen \u00fcber die verschiedenen Fragen und Herausforderungen der Evangelischen Theologie hat sich als sehr fruchtbar erwiesen und vielversprechende Verabredungen f\u00fcr die Weiterarbeit erm\u00f6glicht.\u201c<\/p>\n\n\n\n<p>Jerzy Sojka fasst den Besuch wie folgt zusammen: \u201eUnsere Akademie sieht den religi\u00f6sen, kulturellen und wissenschaftlichen Dialog als wichtigen Teil ihres Auftrags. Dazu tragen unsere Kontakte zu deutschen Partnern bei. Wir freuen uns, dass das Institut f\u00fcr Evangelische Theologie an der Universit\u00e4t Paderborn nun seit einem Jahr dabei ist. Das pers\u00f6nliche Treffen mit seinem Vertreter hat uns gezeigt, dass es wichtige und notwendige Felder f\u00fcr eine weitere Zusammenarbeit gibt, die dazu geh\u00f6rt, Theolog*innen als weltoffene und europabewusste Menschen auszubilden. Wir freuen uns auf die weitere Entwicklung unserer Zusammenarbeit.\u201c<\/p>\n\n\n\n<p>Zu den konkreten Verabredungen, die im Rahmen der Gespr\u00e4che getroffen wurden, geh\u00f6rt die Idee, neben der M\u00f6glichkeit von ERASMUS-Mobilit\u00e4ten f\u00fcr Studierende zum Besuch der Partnerhochschule eine j\u00e4hrliche Begegnung von deutschen und polnischen Studierenden zu initiieren. Daf\u00fcr ist angedacht, dass die Studienfahrt nach Auschwitz, die Jan Christian Pinsch und Stephanie Lerke im Wintersemester 2021\/22 erstmals durchf\u00fchren, als j\u00e4hrliches Angebot etabliert werden k\u00f6nnte. Zudem ist ein Lehraufenthalt von Jan Christian Pinsch an der ChAT Warschau im M\u00e4rz 2022 vorgesehen.<\/p>\n\n\n\n<p>Die Christliche Theologische Akademie Warschau wurde 1954 gegr\u00fcndet, nachdem im Kommunismus theologische Fakult\u00e4ten von den staatlichen Universit\u00e4ten ausgeschlossen wurden. Heute ist sie eine staatlich anerkannte Hochschule, die zwei Fakult\u00e4ten hat: die theologische und die sozialwissenschaftliche. In der theologischen Fakult\u00e4t sind drei Sektionen unter ihrem Dach vereint: evangelisch, orthodox und altkatholisch. Vor drei Jahren bezog die Akademie ein eigenes, neu errichtetes Geb\u00e4ude im Nordwesten Warschaus.<\/p>\n","protected":false},"excerpt":{"rendered":"<p>Seit rund einem Jahr besteht eine ERASMUS-Vereinbarung zwischen dem Institut f\u00fcr Evangelische Theologie an der Universit\u00e4t Paderborn und der Christlichen Theologischen Akademie (ChAT) Warschau. Aus Paderborn reiste nun wissenschaftlicher Mitarbeiter Jan Christian Pinsch in die polnische Hauptstadt, um sich mit den dortigen Vertretern \u00fcber eine Intensivierung der Zusammenarbeit und konkrete gemeinsame Projekte auszutauschen.<\/p>\n","protected":false},"author":7592,"featured_media":0,"comment_status":"closed","ping_status":"open","sticky":false,"template":"","format":"standard","meta":{"footnotes":""},"categories":[1,258,246,2,112],"tags":[],"class_list":["post-1350","post","type-post","status-publish","format-standard","hentry","category-allgemein","category-christlich-theologische-akademie-warschau","category-j-c-pinsch","category-erasmus","category-institut"],"_links":{"self":[{"href":"https:\/\/blogs.uni-paderborn.de\/evth\/wp-json\/wp\/v2\/posts\/1350","targetHints":{"allow":["GET"]}}],"collection":[{"href":"https:\/\/blogs.uni-paderborn.de\/evth\/wp-json\/wp\/v2\/posts"}],"about":[{"href":"https:\/\/blogs.uni-paderborn.de\/evth\/wp-json\/wp\/v2\/types\/post"}],"author":[{"embeddable":true,"href":"https:\/\/blogs.uni-paderborn.de\/evth\/wp-json\/wp\/v2\/users\/7592"}],"replies":[{"embeddable":true,"href":"https:\/\/blogs.uni-paderborn.de\/evth\/wp-json\/wp\/v2\/comments?post=1350"}],"version-history":[{"count":4,"href":"https:\/\/blogs.uni-paderborn.de\/evth\/wp-json\/wp\/v2\/posts\/1350\/revisions"}],"predecessor-version":[{"id":1357,"href":"https:\/\/blogs.uni-paderborn.de\/evth\/wp-json\/wp\/v2\/posts\/1350\/revisions\/1357"}],"wp:attachment":[{"href":"https:\/\/blogs.uni-paderborn.de\/evth\/wp-json\/wp\/v2\/media?parent=1350"}],"wp:term":[{"taxonomy":"category","embeddable":true,"href":"https:\/\/blogs.uni-paderborn.de\/evth\/wp-json\/wp\/v2\/categories?post=1350"},{"taxonomy":"post_tag","embeddable":true,"href":"https:\/\/blogs.uni-paderborn.de\/evth\/wp-json\/wp\/v2\/tags?post=1350"}],"curies":[{"name":"wp","href":"https:\/\/api.w.org\/{rel}","templated":true}]}}