{"id":1325,"date":"2021-04-23T11:42:05","date_gmt":"2021-04-23T09:42:05","guid":{"rendered":"https:\/\/blogs.uni-paderborn.de\/evth\/?p=1325"},"modified":"2021-04-23T11:42:05","modified_gmt":"2021-04-23T09:42:05","slug":"alumninetzwerk-des-instituts-im-aufbau","status":"publish","type":"post","link":"https:\/\/blogs.uni-paderborn.de\/evth\/2021\/04\/23\/alumninetzwerk-des-instituts-im-aufbau\/","title":{"rendered":"Alumninetzwerk des Instituts im Aufbau"},"content":{"rendered":"<div class=\"twoclick_social_bookmarks_post_1325 social_share_privacy clearfix 1.6.4 locale-de_DE sprite-de_DE\"><\/div><div class=\"twoclick-js\"><script type=\"text\/javascript\">\/* <![CDATA[ *\/\njQuery(document).ready(function($){if($('.twoclick_social_bookmarks_post_1325')){$('.twoclick_social_bookmarks_post_1325').socialSharePrivacy({\"txt_help\":\"Wenn Sie diese Felder durch einen Klick aktivieren, werden Informationen an Facebook, Twitter, Flattr, Xing, t3n, LinkedIn, Pinterest oder Google eventuell ins Ausland \\u00fcbertragen und unter Umst\\u00e4nden auch dort gespeichert. N\\u00e4heres erfahren Sie durch einen Klick auf das <em>i<\\\/em>.\",\"settings_perma\":\"Dauerhaft aktivieren und Daten\\u00fcber-tragung zustimmen:\",\"info_link\":\"http:\\\/\\\/www.heise.de\\\/ct\\\/artikel\\\/2-Klicks-fuer-mehr-Datenschutz-1333879.html\",\"uri\":\"https:\\\/\\\/blogs.uni-paderborn.de\\\/evth\\\/2021\\\/04\\\/23\\\/alumninetzwerk-des-instituts-im-aufbau\\\/\",\"post_id\":1325,\"post_title_referrer_track\":\"Alumninetzwerk+des+Instituts+im+Aufbau\",\"display_infobox\":\"on\"});}});\n\/* ]]> *\/<\/script><\/div>\n<p>\n\nLiebe*r&nbsp;Alumni&nbsp;des Instituts f\u00fcr Ev. Theologie,<\/p>\n\n\n\n<p>am Institut f\u00fcr Ev. Theologie der Universit\u00e4t Paderborn entsteht gerade ein&nbsp;Alumninetzwerk, das die Vernetzung von ehemaligen Studierenden, Lehrenden und Institutsangeh\u00f6rigen unter einander, aber auch mit aktiv T\u00e4tigen erm\u00f6glichen sowie \u00fcber Institutsveranstaltungen und -angebote informieren und zu ihnen einladen soll.<\/p>\n\n\n\n<!--more-->\n\n\n\n<p>Bei der Planung der n\u00e4chsten Schritte sind vor allem die Ideen und Erfahrungen von Ehemaligen wie Dir wichtig! Wenn Du Lust hast, Dich in geringem oder auch gro\u00dfem Umfang bei der Entwicklung des&nbsp;Alumninetzwerks zu beteiligen, w\u00fcrde die Arbeitsgruppe sich sehr freuen! Dazu geh\u00f6ren aktuell: Prof. Dr. Harald Schroeter-Wittke, Anne Breckner, Rebecca Meier, Sarah Eulitz, Marvin Kutz, Amelie Schr\u00f6der und Hendrik zur M\u00fchlen.<\/p>\n\n\n\n<p>Das n\u00e4chste Treffen findet am 27.04.2021 von 18 bis ca. 19 Uhr in Zoom statt. Den Link erfrage bitte per Mail bei Rebecca Meier. <\/p>\n\n\n\n<p>Herzliche Gr\u00fc\u00dfe vom Planungsteam des Alumninetzwerks<\/p>\n\n\n\n<div class=\"wp-block-image\"><figure class=\"alignleft\"><img loading=\"lazy\" decoding=\"async\" width=\"320\" height=\"100\" src=\"https:\/\/blogs.uni-paderborn.de\/evth\/files\/2021\/04\/csm_Header_Aufkleber_IloveUPB_1e523d9823.jpg\" alt=\"\" class=\"wp-image-1326\" \/><figcaption>Das Angebot ist als fachliches Angebot zus\u00e4tzlich zum uniweiten Alumniverein gedacht.<br>Weitere Informationen und Bildquelle: https:\/\/www.uni-paderborn.de\/alumni, Zugriff: 23.04.2021.<\/figcaption><\/figure><\/div>\n","protected":false},"excerpt":{"rendered":"<p>Liebe*r&nbsp;Alumni&nbsp;des Instituts f\u00fcr Ev. Theologie, am Institut f\u00fcr Ev. Theologie der Universit\u00e4t Paderborn entsteht gerade ein&nbsp;Alumninetzwerk, das die Vernetzung von ehemaligen Studierenden, Lehrenden und Institutsangeh\u00f6rigen unter einander, aber auch mit aktiv T\u00e4tigen erm\u00f6glichen sowie \u00fcber Institutsveranstaltungen und -angebote informieren und zu ihnen einladen soll.<\/p>\n","protected":false},"author":8230,"featured_media":0,"comment_status":"closed","ping_status":"open","sticky":false,"template":"","format":"standard","meta":{"footnotes":""},"categories":[1,176,112,252,142],"tags":[],"class_list":["post-1325","post","type-post","status-publish","format-standard","hentry","category-allgemein","category-anne-breckner","category-institut","category-kooperation-mit-fachschaftsrat","category-prof-dr-h-schroeter-wittke"],"_links":{"self":[{"href":"https:\/\/blogs.uni-paderborn.de\/evth\/wp-json\/wp\/v2\/posts\/1325","targetHints":{"allow":["GET"]}}],"collection":[{"href":"https:\/\/blogs.uni-paderborn.de\/evth\/wp-json\/wp\/v2\/posts"}],"about":[{"href":"https:\/\/blogs.uni-paderborn.de\/evth\/wp-json\/wp\/v2\/types\/post"}],"author":[{"embeddable":true,"href":"https:\/\/blogs.uni-paderborn.de\/evth\/wp-json\/wp\/v2\/users\/8230"}],"replies":[{"embeddable":true,"href":"https:\/\/blogs.uni-paderborn.de\/evth\/wp-json\/wp\/v2\/comments?post=1325"}],"version-history":[{"count":1,"href":"https:\/\/blogs.uni-paderborn.de\/evth\/wp-json\/wp\/v2\/posts\/1325\/revisions"}],"predecessor-version":[{"id":1327,"href":"https:\/\/blogs.uni-paderborn.de\/evth\/wp-json\/wp\/v2\/posts\/1325\/revisions\/1327"}],"wp:attachment":[{"href":"https:\/\/blogs.uni-paderborn.de\/evth\/wp-json\/wp\/v2\/media?parent=1325"}],"wp:term":[{"taxonomy":"category","embeddable":true,"href":"https:\/\/blogs.uni-paderborn.de\/evth\/wp-json\/wp\/v2\/categories?post=1325"},{"taxonomy":"post_tag","embeddable":true,"href":"https:\/\/blogs.uni-paderborn.de\/evth\/wp-json\/wp\/v2\/tags?post=1325"}],"curies":[{"name":"wp","href":"https:\/\/api.w.org\/{rel}","templated":true}]}}