{"id":1315,"date":"2021-04-20T23:26:26","date_gmt":"2021-04-20T21:26:26","guid":{"rendered":"https:\/\/blogs.uni-paderborn.de\/evth\/?p=1315"},"modified":"2021-04-20T23:32:58","modified_gmt":"2021-04-20T21:32:58","slug":"westfaelische-bibelblicke","status":"publish","type":"post","link":"https:\/\/blogs.uni-paderborn.de\/evth\/2021\/04\/20\/westfaelische-bibelblicke\/","title":{"rendered":"Westf\u00e4lische BibelBlicke"},"content":{"rendered":"<div class=\"twoclick_social_bookmarks_post_1315 social_share_privacy clearfix 1.6.4 locale-de_DE sprite-de_DE\"><\/div><div class=\"twoclick-js\"><script type=\"text\/javascript\">\/* <![CDATA[ *\/\njQuery(document).ready(function($){if($('.twoclick_social_bookmarks_post_1315')){$('.twoclick_social_bookmarks_post_1315').socialSharePrivacy({\"txt_help\":\"Wenn Sie diese Felder durch einen Klick aktivieren, werden Informationen an Facebook, Twitter, Flattr, Xing, t3n, LinkedIn, Pinterest oder Google eventuell ins Ausland \\u00fcbertragen und unter Umst\\u00e4nden auch dort gespeichert. N\\u00e4heres erfahren Sie durch einen Klick auf das <em>i<\\\/em>.\",\"settings_perma\":\"Dauerhaft aktivieren und Daten\\u00fcber-tragung zustimmen:\",\"info_link\":\"http:\\\/\\\/www.heise.de\\\/ct\\\/artikel\\\/2-Klicks-fuer-mehr-Datenschutz-1333879.html\",\"uri\":\"https:\\\/\\\/blogs.uni-paderborn.de\\\/evth\\\/2021\\\/04\\\/20\\\/westfaelische-bibelblicke\\\/\",\"post_id\":1315,\"post_title_referrer_track\":\"Westf%C3%A4lische+BibelBlicke\",\"display_infobox\":\"on\"});}});\n\/* ]]> *\/<\/script><\/div>\n<p>\n\nLiebe YouTube-User*innen,<\/p>\n\n\n\n<p>bald starten die &#8222;Westf\u00e4lische BibelBlicke&#8220; auf dem YouTube-Kanal<br>&#8222;inpuzt &#8211; Interdisziplin\u00e4re Paderborner Unterhaltungen zur Theologie&#8220;,<br>der von Prof. Dr. Harald Schroeter-Wittke (Universit\u00e4t Paderborn) betrieben wird:<\/p>\n\n\n\n<figure class=\"wp-block-embed-youtube wp-block-embed is-type-video is-provider-youtube wp-embed-aspect-16-9 wp-has-aspect-ratio\"><div class=\"wp-block-embed__wrapper\">\n<iframe loading=\"lazy\" title=\"Westf\u00e4lische BibelBlicke anl\u00e4sslich des 3. \u00d6KT\" width=\"840\" height=\"473\" src=\"https:\/\/www.youtube.com\/embed\/videoseries?list=PLPqlhqCLeogZhYyb58AzhLQiUaRpeSQdO\" frameborder=\"0\" allow=\"accelerometer; autoplay; clipboard-write; encrypted-media; gyroscope; picture-in-picture\" allowfullscreen><\/iframe>\n<\/div><\/figure>\n\n\n\n<!--more-->\n\n\n\n<p>Vom 25.04. bis zum 12.05. erscheint t\u00e4glich ab 00:03h ein BibelBlick von Westf\u00e4linnen und Westfalen auf einen Bibeltext des 3. \u00d6kumenischen Kirchentags (13.-16.05.21). Diese Bibeltexte, die zum Leitwort des 3. \u00d6KT &#8222;schaut hin&#8220; ausgew\u00e4hlt wurden, stellen das biblische R\u00fcckgrat dieses Kirchentags dar.<\/p>\n\n\n\n<p>Schaut Hin!<\/p>\n\n\n\n<p>Gute Unterhaltung!<\/p>\n\n\n\n<p><\/p>\n\n\n\n<p>25.4.: Britta Lauenstein zu Mk 6,35-44<\/p>\n\n\n\n<p>26.4.: Melanie Grybel zu Apg 1,1-12<\/p>\n\n\n\n<p>27.4.: Dr. Richard Janus und Privatdozent Dr. Burkhard Neumann zu Jes 51,1-5<\/p>\n\n\n\n<p>28.4.: Niklas Finzi und Veronique Gebhardt zu Ps 119,10-18<\/p>\n\n\n\n<p>29.4.: Deborah Meinig und Sarah-Luise We\u00dfler zu Joh 9,1-12<\/p>\n\n\n\n<p>30.4.: Dr. Naciye Kamcili-Yildiz und Prof. Dr. Marion Keuchen zu Gen 6,12-22<\/p>\n\n\n\n<p>01.5.: Dr. Judith Filitz und Aylin Sayin zu Lk 24,1-10<\/p>\n\n\n\n<p>02.5.: Anne Breckner und Dr. Jonathan Frommann-Breckner zu 1. Joh 4,11-21<\/p>\n\n\n\n<p>03.5.: Stephanie Lerke und Jan Christian Pinsch zu Joh 20,24-29<\/p>\n\n\n\n<p>04.5.: Antonia K\u00f6pf und Lynn Kristin Schroeter zu Mk 6,35-44<\/p>\n\n\n\n<p>05.5.: Lutz von Rosenberg-Lipinsky zu Apg 1,1-12<\/p>\n\n\n\n<p>06.5.: Landeskirchenrat Dr. Jan-Dirk D\u00f6hling zu Jes 51,1-5<\/p>\n\n\n\n<p>07.5.: Prof. Dr. Heino Falcke, Jana Falcke und Birger Falcke zu Ps 119,10-18<\/p>\n\n\n\n<p>08.5.: Prof. Dr. Helga Kuhlmann und Dr. Hamideh Mohagheghi zu Joh 9,1-12<\/p>\n\n\n\n<p>09.5.: Sigrid Beer, MdL, und Mareike Beer zu Gen 6,12-22<\/p>\n\n\n\n<p>10.5.: Rebecca Meier und Jann Wattjes zu Lk 24,1-10<\/p>\n\n\n\n<p>11.5.: Marit G\u00fcnther und Prof. Dr. Harald Schroeter-Wittke zu 1. Joh 4,11-21<\/p>\n\n\n\n<p>12.5.: Dr. Julian Sengelmann zu Joh 20,24-29\n\n<\/p>\n","protected":false},"excerpt":{"rendered":"<p>Liebe YouTube-User*innen, bald starten die &#8222;Westf\u00e4lische BibelBlicke&#8220; auf dem YouTube-Kanal&#8222;inpuzt &#8211; Interdisziplin\u00e4re Paderborner Unterhaltungen zur Theologie&#8220;,der von Prof. Dr. Harald Schroeter-Wittke (Universit\u00e4t Paderborn) betrieben wird:<\/p>\n","protected":false},"author":7592,"featured_media":0,"comment_status":"closed","ping_status":"open","sticky":false,"template":"","format":"standard","meta":{"footnotes":""},"categories":[1,174,176,246,229,112,202,32,82,249,142,157],"tags":[],"class_list":["post-1315","post","type-post","status-publish","format-standard","hentry","category-allgemein","category-biblische-theologie","category-anne-breckner","category-j-c-pinsch","category-stephanie-lerke","category-institut","category-n-kamcili-yildiz","category-dr-janus","category-praktische-theologie","category-prof-dr-h-kuhlmann","category-prof-dr-h-schroeter-wittke","category-pd-marion-keuchen"],"_links":{"self":[{"href":"https:\/\/blogs.uni-paderborn.de\/evth\/wp-json\/wp\/v2\/posts\/1315","targetHints":{"allow":["GET"]}}],"collection":[{"href":"https:\/\/blogs.uni-paderborn.de\/evth\/wp-json\/wp\/v2\/posts"}],"about":[{"href":"https:\/\/blogs.uni-paderborn.de\/evth\/wp-json\/wp\/v2\/types\/post"}],"author":[{"embeddable":true,"href":"https:\/\/blogs.uni-paderborn.de\/evth\/wp-json\/wp\/v2\/users\/7592"}],"replies":[{"embeddable":true,"href":"https:\/\/blogs.uni-paderborn.de\/evth\/wp-json\/wp\/v2\/comments?post=1315"}],"version-history":[{"count":1,"href":"https:\/\/blogs.uni-paderborn.de\/evth\/wp-json\/wp\/v2\/posts\/1315\/revisions"}],"predecessor-version":[{"id":1316,"href":"https:\/\/blogs.uni-paderborn.de\/evth\/wp-json\/wp\/v2\/posts\/1315\/revisions\/1316"}],"wp:attachment":[{"href":"https:\/\/blogs.uni-paderborn.de\/evth\/wp-json\/wp\/v2\/media?parent=1315"}],"wp:term":[{"taxonomy":"category","embeddable":true,"href":"https:\/\/blogs.uni-paderborn.de\/evth\/wp-json\/wp\/v2\/categories?post=1315"},{"taxonomy":"post_tag","embeddable":true,"href":"https:\/\/blogs.uni-paderborn.de\/evth\/wp-json\/wp\/v2\/tags?post=1315"}],"curies":[{"name":"wp","href":"https:\/\/api.w.org\/{rel}","templated":true}]}}